{"id":2751,"date":"2026-08-25T13:40:14","date_gmt":"2026-08-25T11:40:14","guid":{"rendered":"https:\/\/luebecker-bucht-lokal.de\/senioren-beirat\/?p=2751"},"modified":"2026-08-25T13:41:09","modified_gmt":"2026-08-25T11:41:09","slug":"7-sitzung-des-9-gewaehlten-seniorenbeirats-am-4-september-2026","status":"publish","type":"post","link":"http:\/\/luebecker-bucht-lokal.de\/senioren-beirat\/2026\/08\/25\/7-sitzung-des-9-gewaehlten-seniorenbeirats-am-4-september-2026\/","title":{"rendered":"7. Sitzung des 9. gew\u00e4hlten Seniorenbeirats am 4. September 2026"},"content":{"rendered":"<p><strong>Einladung<\/strong><\/p>\n<p>Sehr geehrte Damen und Herren,<br \/>\nam Freitag, dem 04. September 2026, findet um 10:00 Uhr die 7. Sitzung des 9. gew\u00e4hlten Seniorenbeirats der Gemeinde Timmendorfer Strand im Sitzungszimmer des Rathauses, Strandallee<br \/>\n42, 23669 Timmendorfer Strand, statt. Die Sitzung ist \u00f6ffentlich.<br \/>\nUm Ihr Erscheinen wird gebeten. Bei Verhinderung eines geladenen Mitgliedes wird um unverz\u00fcgliche Mitteilung an die Vorsitzende des Seniorenbeirates gebeten.<\/p>\n<p><strong>Tagesordnung<\/strong><br \/>\n01 Er\u00f6ffnung, Begr\u00fc\u00dfung und Feststellung der Beschlussf\u00e4higkeit<br \/>\n02 Einwohnerfragestunde<br \/>\n03 Niederschrift \u00fcber die 6. Sitzung des 9. gew\u00e4hlten Seniorenbeirates vom 22.05.2026<br \/>\n04 Bericht der Vorsitzenden<br \/>\n05 Bericht \u00fcber die Arbeit in den Aussch\u00fcssen zu seniorenrelevanten Themen<br \/>\n06 Messe f\u00fcr Seniorinnen und Senioren und Menschen mit Behinderung am 10.10.2026<br \/>\n07 Vorschl\u00e4ge f\u00fcr die Kaffeenachmittage<br \/>\n08 Veranstaltungen 2026<br \/>\n09 Verschiedenes<\/p>\n<p><a href=\"http:\/\/luebecker-bucht-lokal.de\/senioren-beirat\/wp-content\/uploads\/2026\/08\/Einladung-SB-04.09.2026.pdf\">Einladung &#8211; SB 04.09.2026<\/a><\/p>\n","protected":false},"excerpt":{"rendered":"<p>Einladung Sehr geehrte Damen und Herren, am Freitag, dem 04. September 2026, findet um 10:00 Uhr die 7. Sitzung des 9. gew\u00e4hlten Seniorenbeirats der Gemeinde Timmendorfer Strand im Sitzungszimmer des &#8230;<\/p>\n","protected":false},"author":1,"featured_media":1882,"comment_status":"closed","ping_status":"closed","sticky":false,"template":"","format":"standard","meta":{"footnotes":""},"categories":[1,19],"tags":[],"class_list":["post-2751","post","type-post","status-publish","format-standard","has-post-thumbnail","hentry","category-allgemein","category-termine"],"_links":{"self":[{"href":"http:\/\/luebecker-bucht-lokal.de\/senioren-beirat\/wp-json\/wp\/v2\/posts\/2751","targetHints":{"allow":["GET"]}}],"collection":[{"href":"http:\/\/luebecker-bucht-lokal.de\/senioren-beirat\/wp-json\/wp\/v2\/posts"}],"about":[{"href":"http:\/\/luebecker-bucht-lokal.de\/senioren-beirat\/wp-json\/wp\/v2\/types\/post"}],"author":[{"embeddable":true,"href":"http:\/\/luebecker-bucht-lokal.de\/senioren-beirat\/wp-json\/wp\/v2\/users\/1"}],"replies":[{"embeddable":true,"href":"http:\/\/luebecker-bucht-lokal.de\/senioren-beirat\/wp-json\/wp\/v2\/comments?post=2751"}],"version-history":[{"count":2,"href":"http:\/\/luebecker-bucht-lokal.de\/senioren-beirat\/wp-json\/wp\/v2\/posts\/2751\/revisions"}],"predecessor-version":[{"id":2754,"href":"http:\/\/luebecker-bucht-lokal.de\/senioren-beirat\/wp-json\/wp\/v2\/posts\/2751\/revisions\/2754"}],"wp:featuredmedia":[{"embeddable":true,"href":"http:\/\/luebecker-bucht-lokal.de\/senioren-beirat\/wp-json\/wp\/v2\/media\/1882"}],"wp:attachment":[{"href":"http:\/\/luebecker-bucht-lokal.de\/senioren-beirat\/wp-json\/wp\/v2\/media?parent=2751"}],"wp:term":[{"taxonomy":"category","embeddable":true,"href":"http:\/\/luebecker-bucht-lokal.de\/senioren-beirat\/wp-json\/wp\/v2\/categories?post=2751"},{"taxonomy":"post_tag","embeddable":true,"href":"http:\/\/luebecker-bucht-lokal.de\/senioren-beirat\/wp-json\/wp\/v2\/tags?post=2751"}],"curies":[{"name":"wp","href":"https:\/\/api.w.org\/{rel}","templated":true}]}}