{"id":2659,"date":"2022-09-28T20:35:07","date_gmt":"2022-09-28T18:35:07","guid":{"rendered":"http:\/\/luebecker-bucht-lokal.de\/ostseelauf\/?p=2659"},"modified":"2022-09-28T20:36:12","modified_gmt":"2022-09-28T18:36:12","slug":"paul-muluve-und-marcel-bolbat-schnellste-ostseelaeufer","status":"publish","type":"post","link":"http:\/\/luebecker-bucht-lokal.de\/ostseelauf\/2022\/09\/28\/paul-muluve-und-marcel-bolbat-schnellste-ostseelaeufer\/","title":{"rendered":"Paul Muluve und Marcel Bolbat schnellste Ostseel\u00e4ufer"},"content":{"rendered":"<h3>L\u00fcbecker gewinnt Halbmarathon \u2013 Petra Herrmann bei den Frauen auf Platz eins \u2013 2023 ist der 2. April geblockt<\/h3>\n<p>Timmendorfer Strand. Angenehme 15 Grad, kein Regen, kein Wind \u2013 die Bedingungen und die Stimmung beim 16. Sparkassen Ostseelauf in Timmendorfer Strand waren bestens. \u201eEs ist alles glatt gelaufen\u201c, bilanzierte Andreas Block, der 1. Vorsitzende des Veranstalters NTSV Strand 08, der nur mit den Meldezahlen nicht ganz zufrieden war: \u201eWir hatten 660 Anmeldungen\u201c, meinte er, nachdem um 13.40 Uhr 512 L\u00e4ufer und L\u00e4uferinnen im Ziel waren.<\/p>\n<p>Schnellster beim Halbmarathon war Paul Muluve vom LBV Ph\u00f6nix nach schnellen 1:15:59 Stunden vor S\u00f6ren Ohm (Atletico B\u00fcdelsdorf\/1:16:41) und dem L\u00fcbecker Anh Do (1:25:40). Bei den Frauen setzte sich Petra Herrmann (L\u00fcbecker Marathon) in 1:29:02 Stunden vor Insa Schacht (Ingolstadt\/1:34:58) und Ann-Kristin Herting (Coast Collection\/1:36:51) durch.<\/p>\n<p>Fix unterwegs waren auch die Starter beim Sparkassen Ostseelauf \u00fcber 10 Kilometer. Hier siegte Marcel Bolbat (Hamburg) in 33:08 Minuten vor Hendrik Jansen (Menden\/35:30) und dem Kieler Mirco Theede (35:41). Schnellste Frau war die Scharbeutzerin Kirsten Noordink in 43:15 Minuten vor Kerstin Goldbach (L\u00fcneburg\/43:55) und der L\u00fcbeckerin Juliana Glodde (47:40).<\/p>\n<p>\u201eWir warten die n\u00e4chsten Tage auf die Resonanz der Teilnehmer auf die neue Strecke. Wegen der Baustelle am Seebr\u00fcckenvorplatz gehe ich davon aus, dass wir die Runde auch im n\u00e4chsten Jahr drehen werden\u201c, meinte Block, der als Termin den 2. April geblockt hat: \u201eDann sind wir wieder vor Corona-Zeiten im Fr\u00fchjahr am Start und werden hoffentlich wieder gr\u00f6\u00dfere Felder haben\u201c, meinte der NTSV-Vorsitzende, ehe es zusammen mit den rund 50 ehrenamtlichen Helfern an den Abbau ging. Am Freitag hatten die Vorbereitungen begonnen: \u201eEs ist viel Arbeit, macht aber auch viel Spa\u00df\u201c, sagte Block.<\/p>\n<p>Spa\u00df hatte auch der j\u00fcngste Nachwuchs beim Seepferdchenlauf \u00fcber eine Meile: Bei den Jungs gewann Mika Krenzien vom NTSV Strand 08 in 7:20 Minuten, schnellstes M\u00e4dchen war Laura Sophie Boll (SC Buntekuh\/7:29). sta<\/p>\n<p>&nbsp;<\/p>\n<p><strong>Quellenangabe: Ostholstein S\u00fcd vom 27.09.2022, Seite 20<\/strong><\/p>\n","protected":false},"excerpt":{"rendered":"<p>L\u00fcbecker gewinnt Halbmarathon \u2013 Petra Herrmann bei den Frauen auf Platz eins \u2013 2023 ist der 2. April geblockt Timmendorfer Strand. Angenehme 15 Grad, kein Regen, kein Wind \u2013 die &#8230;<\/p>\n","protected":false},"author":1,"featured_media":2660,"comment_status":"closed","ping_status":"closed","sticky":false,"template":"","format":"standard","meta":{"footnotes":""},"categories":[1],"tags":[],"class_list":["post-2659","post","type-post","status-publish","format-standard","has-post-thumbnail","hentry","category-allgemein"],"_links":{"self":[{"href":"http:\/\/luebecker-bucht-lokal.de\/ostseelauf\/wp-json\/wp\/v2\/posts\/2659","targetHints":{"allow":["GET"]}}],"collection":[{"href":"http:\/\/luebecker-bucht-lokal.de\/ostseelauf\/wp-json\/wp\/v2\/posts"}],"about":[{"href":"http:\/\/luebecker-bucht-lokal.de\/ostseelauf\/wp-json\/wp\/v2\/types\/post"}],"author":[{"embeddable":true,"href":"http:\/\/luebecker-bucht-lokal.de\/ostseelauf\/wp-json\/wp\/v2\/users\/1"}],"replies":[{"embeddable":true,"href":"http:\/\/luebecker-bucht-lokal.de\/ostseelauf\/wp-json\/wp\/v2\/comments?post=2659"}],"version-history":[{"count":3,"href":"http:\/\/luebecker-bucht-lokal.de\/ostseelauf\/wp-json\/wp\/v2\/posts\/2659\/revisions"}],"predecessor-version":[{"id":2664,"href":"http:\/\/luebecker-bucht-lokal.de\/ostseelauf\/wp-json\/wp\/v2\/posts\/2659\/revisions\/2664"}],"wp:featuredmedia":[{"embeddable":true,"href":"http:\/\/luebecker-bucht-lokal.de\/ostseelauf\/wp-json\/wp\/v2\/media\/2660"}],"wp:attachment":[{"href":"http:\/\/luebecker-bucht-lokal.de\/ostseelauf\/wp-json\/wp\/v2\/media?parent=2659"}],"wp:term":[{"taxonomy":"category","embeddable":true,"href":"http:\/\/luebecker-bucht-lokal.de\/ostseelauf\/wp-json\/wp\/v2\/categories?post=2659"},{"taxonomy":"post_tag","embeddable":true,"href":"http:\/\/luebecker-bucht-lokal.de\/ostseelauf\/wp-json\/wp\/v2\/tags?post=2659"}],"curies":[{"name":"wp","href":"https:\/\/api.w.org\/{rel}","templated":true}]}}