{"id":2643,"date":"2022-07-16T20:34:15","date_gmt":"2022-07-16T18:34:15","guid":{"rendered":"http:\/\/luebecker-bucht-lokal.de\/ostseelauf\/?p=2643"},"modified":"2022-07-17T12:05:40","modified_gmt":"2022-07-17T10:05:40","slug":"gemeinsam-ins-ziel","status":"publish","type":"post","link":"http:\/\/luebecker-bucht-lokal.de\/ostseelauf\/2022\/07\/16\/gemeinsam-ins-ziel\/","title":{"rendered":"Gemeinsam ins Ziel."},"content":{"rendered":"<p>Ich bin Personal Trainerin und Sportwissenschaftlerin und unterst\u00fctze L\u00e4ufer*innen \u2013 mit und ohne Erfahrung \u2013 bei deren Vorhaben beim Ostseelauf 2022 in Timmendorfer Strand anzutreten. Auch wenn jeder sein individuelles Rennen l\u00e4uft &#8211; 5km, 10km, Halbmarathon, auf der Jagd nach einer neuen pers\u00f6nlichen Bestzeit oder einfach nur den ersten Halbmarathon ins Ziel zu bringen &#8211; mir ist es wichtig, dass wir ein Team sind. Wir haben uns alle auf diesen Tag vorbereitet, sind aufgeregt und wollen ein erfolgreiches Rennen laufen und vor allem viel Spa\u00df dabei haben. Wem es jetzt in den F\u00fc\u00dfen kribbelt, der schaut gerne auf meiner Webseite vorbei. Dort gibt es weitere Informationen zu dem Osteelauf-Paket und die M\u00f6glichkeit sich anzumelden und loszulegen. &gt;<a href=\"https:\/\/mitsabrina.de\/\" target=\"_blank\" rel=\"noopener\">mitsabrina.de<\/a><\/p>\n","protected":false},"excerpt":{"rendered":"<p>Ich bin Personal Trainerin und Sportwissenschaftlerin und unterst\u00fctze L\u00e4ufer*innen \u2013 mit und ohne Erfahrung \u2013 bei deren Vorhaben beim Ostseelauf 2022 in Timmendorfer Strand anzutreten. Auch wenn jeder sein individuelles &#8230;<\/p>\n","protected":false},"author":1,"featured_media":2644,"comment_status":"closed","ping_status":"closed","sticky":false,"template":"","format":"standard","meta":{"footnotes":""},"categories":[1],"tags":[],"class_list":["post-2643","post","type-post","status-publish","format-standard","has-post-thumbnail","hentry","category-allgemein"],"_links":{"self":[{"href":"http:\/\/luebecker-bucht-lokal.de\/ostseelauf\/wp-json\/wp\/v2\/posts\/2643","targetHints":{"allow":["GET"]}}],"collection":[{"href":"http:\/\/luebecker-bucht-lokal.de\/ostseelauf\/wp-json\/wp\/v2\/posts"}],"about":[{"href":"http:\/\/luebecker-bucht-lokal.de\/ostseelauf\/wp-json\/wp\/v2\/types\/post"}],"author":[{"embeddable":true,"href":"http:\/\/luebecker-bucht-lokal.de\/ostseelauf\/wp-json\/wp\/v2\/users\/1"}],"replies":[{"embeddable":true,"href":"http:\/\/luebecker-bucht-lokal.de\/ostseelauf\/wp-json\/wp\/v2\/comments?post=2643"}],"version-history":[{"count":2,"href":"http:\/\/luebecker-bucht-lokal.de\/ostseelauf\/wp-json\/wp\/v2\/posts\/2643\/revisions"}],"predecessor-version":[{"id":2646,"href":"http:\/\/luebecker-bucht-lokal.de\/ostseelauf\/wp-json\/wp\/v2\/posts\/2643\/revisions\/2646"}],"wp:featuredmedia":[{"embeddable":true,"href":"http:\/\/luebecker-bucht-lokal.de\/ostseelauf\/wp-json\/wp\/v2\/media\/2644"}],"wp:attachment":[{"href":"http:\/\/luebecker-bucht-lokal.de\/ostseelauf\/wp-json\/wp\/v2\/media?parent=2643"}],"wp:term":[{"taxonomy":"category","embeddable":true,"href":"http:\/\/luebecker-bucht-lokal.de\/ostseelauf\/wp-json\/wp\/v2\/categories?post=2643"},{"taxonomy":"post_tag","embeddable":true,"href":"http:\/\/luebecker-bucht-lokal.de\/ostseelauf\/wp-json\/wp\/v2\/tags?post=2643"}],"curies":[{"name":"wp","href":"https:\/\/api.w.org\/{rel}","templated":true}]}}