{"id":2443,"date":"2020-09-06T21:02:01","date_gmt":"2020-09-06T19:02:01","guid":{"rendered":"http:\/\/luebecker-bucht-lokal.de\/ostseelauf\/?p=2443"},"modified":"2020-09-06T21:02:01","modified_gmt":"2020-09-06T19:02:01","slug":"abgesagt-sparkassen-ostseelauf-am-8-november-2020","status":"publish","type":"post","link":"http:\/\/luebecker-bucht-lokal.de\/ostseelauf\/2020\/09\/06\/abgesagt-sparkassen-ostseelauf-am-8-november-2020\/","title":{"rendered":"ABGESAGT: Sparkassen-Ostseelauf am 8. November 2020"},"content":{"rendered":"<p>Liebe Lauffreunde, liebe Vereinsmitglieder,<br \/>\nim M\u00e4rz 2020 mussten wir wegen des Corona Virus unseren Sparkassen-Ostseelauf absagen. Sehr schnell haben wir im Glauben an eine wiederkehrende Normalit\u00e4t einen Nachholtermin f\u00fcr den 8.11.2020 festgelegt. Leider m\u00fcssen wir nun auch diesen Termin schweren Herzens absagen, so dass der Ostseelauf in diesem Jahr definitiv nicht stattfinden wird.<br \/>\nEs ist uns nicht m\u00f6glich, die Auflagen der derzeitigen Pandemie-Bestimmungen so umzusetzen, dass wir die Sicherheit f\u00fcr unserer Teilnehmer und ehrenamtlichen Helfer und den Spa\u00df an einer sportlichen Gro\u00dfveranstaltung gew\u00e4hrleisten k\u00f6nnen.<br \/>\nDa wir nicht als professioneller Veranstalter agieren und auf die Unterst\u00fctzung ehrenamtlicher Mitarbeiter angewiesen sind, sehen wir, der NTSV Strand 08, uns als Verein mit dem Status der Gemeinn\u00fctzigkeit, nicht in der Lage, den aktuell notwendigen Anforderungen gerecht zu werden. <\/p>\n<p>Allen L\u00e4ufern\/Innen, die sich angemeldet haben, bieten wir folgende M\u00f6glichkeiten an:<br \/>\nErstattung des Startgeldes<br \/>\nSie spenden das bereits gezahlte Startgeld.<br \/>\nN\u00e4here Informationen folgen.<\/p>\n<p>Im Falle einer Spende des Startgeldes bedanken wir uns sehr herzlich. Es wird uns helfen, bereits angefallene Kosten zumindest teilweise zu decken.<br \/>\nWir danken unseren langj\u00e4hrigen Unterst\u00fctzern, Sponsoren und unseren vielen Helfern und freuen uns auf eine weitere vertrauensvolle Zusammenarbeit f\u00fcr 2021. Der Sparkassen-Ostseelauf wird voraussichtlich im Fr\u00fchjahr 2021 stattfinden.<\/p>\n","protected":false},"excerpt":{"rendered":"<p>Liebe Lauffreunde, liebe Vereinsmitglieder, im M\u00e4rz 2020 mussten wir wegen des Corona Virus unseren Sparkassen-Ostseelauf absagen. Sehr schnell haben wir im Glauben an eine wiederkehrende Normalit\u00e4t einen Nachholtermin f\u00fcr den &#8230;<\/p>\n","protected":false},"author":1,"featured_media":2444,"comment_status":"closed","ping_status":"closed","sticky":false,"template":"","format":"standard","meta":{"footnotes":""},"categories":[1],"tags":[],"class_list":["post-2443","post","type-post","status-publish","format-standard","has-post-thumbnail","hentry","category-allgemein"],"_links":{"self":[{"href":"http:\/\/luebecker-bucht-lokal.de\/ostseelauf\/wp-json\/wp\/v2\/posts\/2443","targetHints":{"allow":["GET"]}}],"collection":[{"href":"http:\/\/luebecker-bucht-lokal.de\/ostseelauf\/wp-json\/wp\/v2\/posts"}],"about":[{"href":"http:\/\/luebecker-bucht-lokal.de\/ostseelauf\/wp-json\/wp\/v2\/types\/post"}],"author":[{"embeddable":true,"href":"http:\/\/luebecker-bucht-lokal.de\/ostseelauf\/wp-json\/wp\/v2\/users\/1"}],"replies":[{"embeddable":true,"href":"http:\/\/luebecker-bucht-lokal.de\/ostseelauf\/wp-json\/wp\/v2\/comments?post=2443"}],"version-history":[{"count":1,"href":"http:\/\/luebecker-bucht-lokal.de\/ostseelauf\/wp-json\/wp\/v2\/posts\/2443\/revisions"}],"predecessor-version":[{"id":2445,"href":"http:\/\/luebecker-bucht-lokal.de\/ostseelauf\/wp-json\/wp\/v2\/posts\/2443\/revisions\/2445"}],"wp:featuredmedia":[{"embeddable":true,"href":"http:\/\/luebecker-bucht-lokal.de\/ostseelauf\/wp-json\/wp\/v2\/media\/2444"}],"wp:attachment":[{"href":"http:\/\/luebecker-bucht-lokal.de\/ostseelauf\/wp-json\/wp\/v2\/media?parent=2443"}],"wp:term":[{"taxonomy":"category","embeddable":true,"href":"http:\/\/luebecker-bucht-lokal.de\/ostseelauf\/wp-json\/wp\/v2\/categories?post=2443"},{"taxonomy":"post_tag","embeddable":true,"href":"http:\/\/luebecker-bucht-lokal.de\/ostseelauf\/wp-json\/wp\/v2\/tags?post=2443"}],"curies":[{"name":"wp","href":"https:\/\/api.w.org\/{rel}","templated":true}]}}