{"id":2431,"date":"2020-03-16T21:17:06","date_gmt":"2020-03-16T20:17:06","guid":{"rendered":"http:\/\/luebecker-bucht-lokal.de\/ostseelauf\/?p=2431"},"modified":"2020-03-16T21:21:32","modified_gmt":"2020-03-16T20:21:32","slug":"sparkassen-ostseelauf-am-8-november-2020","status":"publish","type":"post","link":"http:\/\/luebecker-bucht-lokal.de\/ostseelauf\/2020\/03\/16\/sparkassen-ostseelauf-am-8-november-2020\/","title":{"rendered":"Sparkassen-Ostseelauf am 8. November 2020"},"content":{"rendered":"<p><img loading=\"lazy\" decoding=\"async\" class=\"alignnone wp-image-2432 size-large\" src=\"http:\/\/luebecker-bucht-lokal.de\/ostseelauf\/wp-content\/uploads\/2020\/03\/08112020_2020_dd-724x1024.jpg\" alt=\"\" width=\"724\" height=\"1024\" srcset=\"http:\/\/luebecker-bucht-lokal.de\/ostseelauf\/wp-content\/uploads\/2020\/03\/08112020_2020_dd-724x1024.jpg 724w, http:\/\/luebecker-bucht-lokal.de\/ostseelauf\/wp-content\/uploads\/2020\/03\/08112020_2020_dd-212x300.jpg 212w, http:\/\/luebecker-bucht-lokal.de\/ostseelauf\/wp-content\/uploads\/2020\/03\/08112020_2020_dd-768x1086.jpg 768w, http:\/\/luebecker-bucht-lokal.de\/ostseelauf\/wp-content\/uploads\/2020\/03\/08112020_2020_dd-1086x1536.jpg 1086w, http:\/\/luebecker-bucht-lokal.de\/ostseelauf\/wp-content\/uploads\/2020\/03\/08112020_2020_dd.jpg 1191w\" sizes=\"auto, (max-width: 724px) 100vw, 724px\" \/><br \/>\nNach Erlass des Kieler Gesundheitsministeriums, alle Veranstaltungen \u00fcber 1000 Teilnehmer abzusagen, sieht sich der NTSV Strand 08 als Veranstalter in der Pflicht, den f\u00fcr den 22. M\u00e4rz geplanten Sparkassen-Ostseelauf nicht durchzuf\u00fchren. Auf einer kurzfristig einberufenen Sondersitzung des Vereins hat sich das Orga-Team auf einen Nachholtermin f\u00fcr den 8. November 2020 verst\u00e4ndigt. Bereits bezahlte Startpl\u00e4tze\/Anmeldungen behalten f\u00fcr den Lauf am 08.11.2020 ihre G\u00fcltigkeit, Startgeb\u00fchr-Erstattungen werden nicht erfolgen.<br \/>\nWeitere Informationen zu dem neuen Termin werden zeitnah auf der Homepage www.ostseelauf.com und www.strand08.de bekannt gegeben.<\/p>\n","protected":false},"excerpt":{"rendered":"<p>Nach Erlass des Kieler Gesundheitsministeriums, alle Veranstaltungen \u00fcber 1000 Teilnehmer abzusagen, sieht sich der NTSV Strand 08 als Veranstalter in der Pflicht, den f\u00fcr den 22. M\u00e4rz geplanten Sparkassen-Ostseelauf nicht &#8230;<\/p>\n","protected":false},"author":1,"featured_media":2432,"comment_status":"closed","ping_status":"closed","sticky":false,"template":"","format":"standard","meta":{"footnotes":""},"categories":[1],"tags":[],"class_list":["post-2431","post","type-post","status-publish","format-standard","has-post-thumbnail","hentry","category-allgemein"],"_links":{"self":[{"href":"http:\/\/luebecker-bucht-lokal.de\/ostseelauf\/wp-json\/wp\/v2\/posts\/2431","targetHints":{"allow":["GET"]}}],"collection":[{"href":"http:\/\/luebecker-bucht-lokal.de\/ostseelauf\/wp-json\/wp\/v2\/posts"}],"about":[{"href":"http:\/\/luebecker-bucht-lokal.de\/ostseelauf\/wp-json\/wp\/v2\/types\/post"}],"author":[{"embeddable":true,"href":"http:\/\/luebecker-bucht-lokal.de\/ostseelauf\/wp-json\/wp\/v2\/users\/1"}],"replies":[{"embeddable":true,"href":"http:\/\/luebecker-bucht-lokal.de\/ostseelauf\/wp-json\/wp\/v2\/comments?post=2431"}],"version-history":[{"count":4,"href":"http:\/\/luebecker-bucht-lokal.de\/ostseelauf\/wp-json\/wp\/v2\/posts\/2431\/revisions"}],"predecessor-version":[{"id":2436,"href":"http:\/\/luebecker-bucht-lokal.de\/ostseelauf\/wp-json\/wp\/v2\/posts\/2431\/revisions\/2436"}],"wp:featuredmedia":[{"embeddable":true,"href":"http:\/\/luebecker-bucht-lokal.de\/ostseelauf\/wp-json\/wp\/v2\/media\/2432"}],"wp:attachment":[{"href":"http:\/\/luebecker-bucht-lokal.de\/ostseelauf\/wp-json\/wp\/v2\/media?parent=2431"}],"wp:term":[{"taxonomy":"category","embeddable":true,"href":"http:\/\/luebecker-bucht-lokal.de\/ostseelauf\/wp-json\/wp\/v2\/categories?post=2431"},{"taxonomy":"post_tag","embeddable":true,"href":"http:\/\/luebecker-bucht-lokal.de\/ostseelauf\/wp-json\/wp\/v2\/tags?post=2431"}],"curies":[{"name":"wp","href":"https:\/\/api.w.org\/{rel}","templated":true}]}}