{"id":2401,"date":"2020-03-10T14:02:30","date_gmt":"2020-03-10T13:02:30","guid":{"rendered":"http:\/\/luebecker-bucht-lokal.de\/ostseelauf\/?p=2401"},"modified":"2020-03-10T21:09:06","modified_gmt":"2020-03-10T20:09:06","slug":"der-ostseelauf-findet-nicht-statt","status":"publish","type":"post","link":"http:\/\/luebecker-bucht-lokal.de\/ostseelauf\/2020\/03\/10\/der-ostseelauf-findet-nicht-statt\/","title":{"rendered":"Der Ostseelauf findet NICHT am 22. M\u00e4rz 2020 statt."},"content":{"rendered":"<p>Aufgrund eines Beschlusses der Landesregierung Schleswig-Holsteins zum Coronavirus vom 10.03.2020, wird der 16. Sparkassen Ostseelauf Timmendorfer Strand 2020, am 22. M\u00e4rz nicht gelaufen werden k\u00f6nnen.<br \/>\nSobald wie m\u00f6glich werden wir Sie \u00fcber unsere Webseite informieren. Bitte sehen Sie bis dahin von Anfragen ab, da keine weiteren Informationen vorliegen.<br \/>\nDanke f\u00fcr ihr Verst\u00e4ndnis.<\/p>\n","protected":false},"excerpt":{"rendered":"<p>Aufgrund eines Beschlusses der Landesregierung Schleswig-Holsteins zum Coronavirus vom 10.03.2020, wird der 16. Sparkassen Ostseelauf Timmendorfer Strand 2020, am 22. M\u00e4rz nicht gelaufen werden k\u00f6nnen. Sobald wie m\u00f6glich werden wir &#8230;<\/p>\n","protected":false},"author":1,"featured_media":2407,"comment_status":"closed","ping_status":"closed","sticky":false,"template":"","format":"standard","meta":{"footnotes":""},"categories":[1],"tags":[],"class_list":["post-2401","post","type-post","status-publish","format-standard","has-post-thumbnail","hentry","category-allgemein"],"_links":{"self":[{"href":"http:\/\/luebecker-bucht-lokal.de\/ostseelauf\/wp-json\/wp\/v2\/posts\/2401","targetHints":{"allow":["GET"]}}],"collection":[{"href":"http:\/\/luebecker-bucht-lokal.de\/ostseelauf\/wp-json\/wp\/v2\/posts"}],"about":[{"href":"http:\/\/luebecker-bucht-lokal.de\/ostseelauf\/wp-json\/wp\/v2\/types\/post"}],"author":[{"embeddable":true,"href":"http:\/\/luebecker-bucht-lokal.de\/ostseelauf\/wp-json\/wp\/v2\/users\/1"}],"replies":[{"embeddable":true,"href":"http:\/\/luebecker-bucht-lokal.de\/ostseelauf\/wp-json\/wp\/v2\/comments?post=2401"}],"version-history":[{"count":3,"href":"http:\/\/luebecker-bucht-lokal.de\/ostseelauf\/wp-json\/wp\/v2\/posts\/2401\/revisions"}],"predecessor-version":[{"id":2408,"href":"http:\/\/luebecker-bucht-lokal.de\/ostseelauf\/wp-json\/wp\/v2\/posts\/2401\/revisions\/2408"}],"wp:featuredmedia":[{"embeddable":true,"href":"http:\/\/luebecker-bucht-lokal.de\/ostseelauf\/wp-json\/wp\/v2\/media\/2407"}],"wp:attachment":[{"href":"http:\/\/luebecker-bucht-lokal.de\/ostseelauf\/wp-json\/wp\/v2\/media?parent=2401"}],"wp:term":[{"taxonomy":"category","embeddable":true,"href":"http:\/\/luebecker-bucht-lokal.de\/ostseelauf\/wp-json\/wp\/v2\/categories?post=2401"},{"taxonomy":"post_tag","embeddable":true,"href":"http:\/\/luebecker-bucht-lokal.de\/ostseelauf\/wp-json\/wp\/v2\/tags?post=2401"}],"curies":[{"name":"wp","href":"https:\/\/api.w.org\/{rel}","templated":true}]}}