{"id":2323,"date":"2019-03-24T16:47:27","date_gmt":"2019-03-24T15:47:27","guid":{"rendered":"http:\/\/luebecker-bucht-lokal.de\/ostseelauf\/?p=2323"},"modified":"2019-04-07T19:16:08","modified_gmt":"2019-04-07T17:16:08","slug":"ergebnisse-sparkassen-ostseelauf-2019","status":"publish","type":"post","link":"http:\/\/luebecker-bucht-lokal.de\/ostseelauf\/2019\/03\/24\/ergebnisse-sparkassen-ostseelauf-2019\/","title":{"rendered":"Ergebnisse und Bilder Sparkassen-Ostseelauf 2019"},"content":{"rendered":"<p><strong>In Timmendorfer Strand trafen sich bei bestem Laufwetter L\u00e4uferinnen und L\u00e4ufer aus ganz Deutschland, um sich auf verschiedenen Distanzen zu messen.<br \/>\nWir freuen uns \u00fcber einen neuen Melderekord: 1633<\/strong><\/p>\n<p><strong>Toll, dass ihr dabei wart!<\/strong><\/p>\n<h3>5-km-Lauf<\/h3>\n<p><a href=\"https:\/\/photos.app.goo.gl\/F3piV6WAs3FQKUgX9\" target=\"_blank\" rel=\"noopener noreferrer\"><img loading=\"lazy\" decoding=\"async\" class=\"alignnone wp-image-2337 size-medium\" src=\"http:\/\/luebecker-bucht-lokal.de\/ostseelauf\/wp-content\/uploads\/2019\/04\/5km_2019-300x200.jpg\" alt=\"\" width=\"300\" height=\"200\" \/><\/a><\/p>\n<p><a href=\"http:\/\/luebecker-bucht-lokal.de\/ostseelauf\/wp-content\/uploads\/2019\/03\/Fitnesslauf-\u2013-Gesamtwertung-2019.pdf\">Fitnesslauf \u2013 Gesamtwertung (2019)<\/a><\/p>\n<p><a href=\"http:\/\/luebecker-bucht-lokal.de\/ostseelauf\/wp-content\/uploads\/2019\/03\/Fitnesslauf-\u2013-Altersklassenwertung-2019.pdf\">Fitnesslauf \u2013 Altersklassenwertung (2019)<\/a><\/p>\n<h3>10-km-Lauf<\/h3>\n<p><a href=\"https:\/\/photos.app.goo.gl\/ATD27ZtZG2oCd1g86\" target=\"_blank\" rel=\"noopener noreferrer\"><img loading=\"lazy\" decoding=\"async\" class=\"alignnone wp-image-2340 size-medium\" src=\"http:\/\/luebecker-bucht-lokal.de\/ostseelauf\/wp-content\/uploads\/2019\/04\/10km_2019-300x200.jpg\" alt=\"\" width=\"300\" height=\"200\" \/><\/a><\/p>\n<p><a href=\"http:\/\/luebecker-bucht-lokal.de\/ostseelauf\/wp-content\/uploads\/2019\/03\/10-km-Sparkassen-Ostseelauf-\u2013-Gesamtwertung-2019.pdf\">10 km Sparkassen Ostseelauf \u2013 Gesamtwertung (2019)<\/a><\/p>\n<p><a href=\"http:\/\/luebecker-bucht-lokal.de\/ostseelauf\/wp-content\/uploads\/2019\/03\/10-km-Sparkassen-Ostseelauf-\u2013-Altersklassenwertung-2019.pdf\">10 km Sparkassen Ostseelauf \u2013 Altersklassenwertung (2019)<\/a><\/p>\n<p><a href=\"http:\/\/luebecker-bucht-lokal.de\/ostseelauf\/wp-content\/uploads\/2019\/03\/Ostseelauf-\u2013-Mannschaftswertung-2019.pdf\">Ostseelauf \u2013 Mannschaftswertung (2019)<\/a><\/p>\n<h3>Halbmarathon<\/h3>\n<p><a href=\"https:\/\/photos.app.goo.gl\/3P9VBcfwCG68gsvN9\"><img loading=\"lazy\" decoding=\"async\" class=\"alignnone size-medium wp-image-2326\" src=\"http:\/\/luebecker-bucht-lokal.de\/ostseelauf\/wp-content\/uploads\/2019\/03\/ostseelauf2019-300x189.jpg\" alt=\"\" width=\"300\" height=\"189\" \/><\/a><\/p>\n<p><a href=\"http:\/\/luebecker-bucht-lokal.de\/ostseelauf\/wp-content\/uploads\/2019\/03\/Halbmarathon-\u2013-Gesamtwertung-2019.pdf\">Halbmarathon \u2013 Gesamtwertung (2019)<\/a><\/p>\n<p><a href=\"http:\/\/luebecker-bucht-lokal.de\/ostseelauf\/wp-content\/uploads\/2019\/03\/Halbmarathon-\u2013-Altersklassenwertung-2019.pdf\">Halbmarathon \u2013 Altersklassenwertung (2019)<\/a><\/p>\n<p><a href=\"http:\/\/luebecker-bucht-lokal.de\/ostseelauf\/wp-content\/uploads\/2019\/03\/Halbmarathon-\u2013-Mannschaftswertung-2019.pdf\">Halbmarathon \u2013 Mannschaftswertung (2019)<\/a><\/p>\n<h3>5-km Nordic-Walking<\/h3>\n<p><a href=\"https:\/\/photos.app.goo.gl\/qEfBiSmvxHvMK8iJ6\" target=\"_blank\" rel=\"noopener noreferrer\"><img loading=\"lazy\" decoding=\"async\" class=\"alignnone wp-image-2334 size-medium\" src=\"http:\/\/luebecker-bucht-lokal.de\/ostseelauf\/wp-content\/uploads\/2019\/04\/nordic_walking-2019-300x200.jpg\" alt=\"\" width=\"300\" height=\"200\" \/><\/a><\/p>\n<p><a href=\"http:\/\/luebecker-bucht-lokal.de\/ostseelauf\/wp-content\/uploads\/2019\/03\/Nordic-Walking-\u2013-Gesamtwertung-2019.pdf\">Nordic-Walking \u2013 Gesamtwertung (2019)<\/a><\/p>\n<p><a href=\"http:\/\/luebecker-bucht-lokal.de\/ostseelauf\/wp-content\/uploads\/2019\/03\/Nordic-Walking-\u2013-Altersklassenwertung-2019.pdf\">Nordic-Walking \u2013 Altersklassenwertung (2019)<\/a><\/p>\n<h3>Seepferdchenlauf<\/h3>\n<p><a href=\"https:\/\/photos.app.goo.gl\/imTsQQDvVaPvn7Xw7\"><img loading=\"lazy\" decoding=\"async\" class=\"alignnone size-medium wp-image-2336\" src=\"http:\/\/luebecker-bucht-lokal.de\/ostseelauf\/wp-content\/uploads\/2019\/04\/seepferdchenlauf-2019-300x200.jpg\" alt=\"\" width=\"300\" height=\"200\" \/><\/a><\/p>\n<p><a href=\"http:\/\/luebecker-bucht-lokal.de\/ostseelauf\/wp-content\/uploads\/2019\/03\/Seepferdchenlauf-\u2013-Gesamtwertung-2019.pdf\">Seepferdchenlauf \u2013 Gesamtwertung (2019)<\/a><\/p>\n<p><a href=\"http:\/\/luebecker-bucht-lokal.de\/ostseelauf\/wp-content\/uploads\/2019\/03\/Seepferdchenlauf-\u2013-Altersklassenwertung-2019.pdf\">Seepferdchenlauf \u2013 Altersklassenwertung (2019)<\/a><\/p>\n<p>&nbsp;<\/p>\n<p><strong>Vielen Dank<\/strong><\/p>\n<p><strong>an alle Helfer, Partner, Sponsoren<\/strong><\/p>\n<p><a href=\"https:\/\/photos.app.goo.gl\/ZiDmX7pYkV5ExtLb7\" target=\"_blank\" rel=\"noopener noreferrer\"><img loading=\"lazy\" decoding=\"async\" class=\"alignnone wp-image-2332 size-medium\" src=\"http:\/\/luebecker-bucht-lokal.de\/ostseelauf\/wp-content\/uploads\/2019\/04\/helfer-2019-300x200.jpg\" alt=\"\" width=\"300\" height=\"200\" \/><\/a><\/p>\n<p>und den Fotografen Thore J\u00fcrgensen!<\/p>\n","protected":false},"excerpt":{"rendered":"<p>In Timmendorfer Strand trafen sich bei bestem Laufwetter L\u00e4uferinnen und L\u00e4ufer aus ganz Deutschland, um sich auf verschiedenen Distanzen zu messen. Wir freuen uns \u00fcber einen neuen Melderekord: 1633 Toll, &#8230;<\/p>\n","protected":false},"author":1,"featured_media":2326,"comment_status":"closed","ping_status":"closed","sticky":false,"template":"","format":"standard","meta":{"footnotes":""},"categories":[1],"tags":[],"class_list":["post-2323","post","type-post","status-publish","format-standard","has-post-thumbnail","hentry","category-allgemein"],"_links":{"self":[{"href":"http:\/\/luebecker-bucht-lokal.de\/ostseelauf\/wp-json\/wp\/v2\/posts\/2323","targetHints":{"allow":["GET"]}}],"collection":[{"href":"http:\/\/luebecker-bucht-lokal.de\/ostseelauf\/wp-json\/wp\/v2\/posts"}],"about":[{"href":"http:\/\/luebecker-bucht-lokal.de\/ostseelauf\/wp-json\/wp\/v2\/types\/post"}],"author":[{"embeddable":true,"href":"http:\/\/luebecker-bucht-lokal.de\/ostseelauf\/wp-json\/wp\/v2\/users\/1"}],"replies":[{"embeddable":true,"href":"http:\/\/luebecker-bucht-lokal.de\/ostseelauf\/wp-json\/wp\/v2\/comments?post=2323"}],"version-history":[{"count":10,"href":"http:\/\/luebecker-bucht-lokal.de\/ostseelauf\/wp-json\/wp\/v2\/posts\/2323\/revisions"}],"predecessor-version":[{"id":2350,"href":"http:\/\/luebecker-bucht-lokal.de\/ostseelauf\/wp-json\/wp\/v2\/posts\/2323\/revisions\/2350"}],"wp:featuredmedia":[{"embeddable":true,"href":"http:\/\/luebecker-bucht-lokal.de\/ostseelauf\/wp-json\/wp\/v2\/media\/2326"}],"wp:attachment":[{"href":"http:\/\/luebecker-bucht-lokal.de\/ostseelauf\/wp-json\/wp\/v2\/media?parent=2323"}],"wp:term":[{"taxonomy":"category","embeddable":true,"href":"http:\/\/luebecker-bucht-lokal.de\/ostseelauf\/wp-json\/wp\/v2\/categories?post=2323"},{"taxonomy":"post_tag","embeddable":true,"href":"http:\/\/luebecker-bucht-lokal.de\/ostseelauf\/wp-json\/wp\/v2\/tags?post=2323"}],"curies":[{"name":"wp","href":"https:\/\/api.w.org\/{rel}","templated":true}]}}