{"id":2276,"date":"2019-02-07T00:12:42","date_gmt":"2019-02-06T23:12:42","guid":{"rendered":"http:\/\/luebecker-bucht-lokal.de\/ostseelauf\/?p=2276"},"modified":"2019-02-07T00:18:01","modified_gmt":"2019-02-06T23:18:01","slug":"ostseelauf-shirts-2019","status":"publish","type":"post","link":"http:\/\/luebecker-bucht-lokal.de\/ostseelauf\/2019\/02\/07\/ostseelauf-shirts-2019\/","title":{"rendered":"Ostseelauf-Shirts 2019"},"content":{"rendered":"<p>Unsere Ostseelauf-Shirts k\u00f6nnen im Orga-B\u00fcro am Samstag und Sonntag f\u00fcr 15 \u20ac erworben werden. Es gibt Herren-Shirts in S-XXL und Damen-Shirts in S-XL. Unser Modell Paul zeigt hier die Herren Version in S. Wer noch einen pers\u00f6nlichen Aufdruck ben\u00f6tigt, kann das im Zelt vom NSO Team in unserem L\u00e4uferdorf machen lassen. Beim innogy-Seepferdchenlauf erhalten die Altersklassensieger dieses Jahr die Kids-Version unserer Shirts. Also ab in die Lauf-Schuhe und macht Euch fit, denn Sieger-Shirts kann man nicht kaufen!<\/p>\n<div id='gallery-1' class='gallery galleryid-2276 gallery-columns-3 gallery-size-thumbnail'><figure class='gallery-item'>\n\t\t\t<div class='gallery-icon portrait'>\n\t\t\t\t<img loading=\"lazy\" decoding=\"async\" width=\"150\" height=\"150\" src=\"http:\/\/luebecker-bucht-lokal.de\/ostseelauf\/wp-content\/uploads\/2019\/02\/Shirtrueck-150x150.jpg\" class=\"attachment-thumbnail size-thumbnail\" alt=\"\" \/>\n\t\t\t<\/div><\/figure><figure class='gallery-item'>\n\t\t\t<div class='gallery-icon portrait'>\n\t\t\t\t<img loading=\"lazy\" decoding=\"async\" width=\"150\" height=\"150\" src=\"http:\/\/luebecker-bucht-lokal.de\/ostseelauf\/wp-content\/uploads\/2019\/02\/Shirtseite-150x150.jpg\" class=\"attachment-thumbnail size-thumbnail\" alt=\"\" \/>\n\t\t\t<\/div><\/figure><figure class='gallery-item'>\n\t\t\t<div class='gallery-icon portrait'>\n\t\t\t\t<img loading=\"lazy\" decoding=\"async\" width=\"150\" height=\"150\" src=\"http:\/\/luebecker-bucht-lokal.de\/ostseelauf\/wp-content\/uploads\/2019\/02\/Shirtvorn-150x150.jpg\" class=\"attachment-thumbnail size-thumbnail\" alt=\"\" \/>\n\t\t\t<\/div><\/figure>\n\t\t<\/div>\n\n<p>&nbsp;<\/p>\n","protected":false},"excerpt":{"rendered":"<p>Unsere Ostseelauf-Shirts k\u00f6nnen im Orga-B\u00fcro am Samstag und Sonntag f\u00fcr 15 \u20ac erworben werden. Es gibt Herren-Shirts in S-XXL und Damen-Shirts in S-XL. Unser Modell Paul zeigt hier die Herren &#8230;<\/p>\n","protected":false},"author":1,"featured_media":2277,"comment_status":"closed","ping_status":"closed","sticky":false,"template":"","format":"standard","meta":{"footnotes":""},"categories":[1],"tags":[],"class_list":["post-2276","post","type-post","status-publish","format-standard","has-post-thumbnail","hentry","category-allgemein"],"_links":{"self":[{"href":"http:\/\/luebecker-bucht-lokal.de\/ostseelauf\/wp-json\/wp\/v2\/posts\/2276","targetHints":{"allow":["GET"]}}],"collection":[{"href":"http:\/\/luebecker-bucht-lokal.de\/ostseelauf\/wp-json\/wp\/v2\/posts"}],"about":[{"href":"http:\/\/luebecker-bucht-lokal.de\/ostseelauf\/wp-json\/wp\/v2\/types\/post"}],"author":[{"embeddable":true,"href":"http:\/\/luebecker-bucht-lokal.de\/ostseelauf\/wp-json\/wp\/v2\/users\/1"}],"replies":[{"embeddable":true,"href":"http:\/\/luebecker-bucht-lokal.de\/ostseelauf\/wp-json\/wp\/v2\/comments?post=2276"}],"version-history":[{"count":2,"href":"http:\/\/luebecker-bucht-lokal.de\/ostseelauf\/wp-json\/wp\/v2\/posts\/2276\/revisions"}],"predecessor-version":[{"id":2282,"href":"http:\/\/luebecker-bucht-lokal.de\/ostseelauf\/wp-json\/wp\/v2\/posts\/2276\/revisions\/2282"}],"wp:featuredmedia":[{"embeddable":true,"href":"http:\/\/luebecker-bucht-lokal.de\/ostseelauf\/wp-json\/wp\/v2\/media\/2277"}],"wp:attachment":[{"href":"http:\/\/luebecker-bucht-lokal.de\/ostseelauf\/wp-json\/wp\/v2\/media?parent=2276"}],"wp:term":[{"taxonomy":"category","embeddable":true,"href":"http:\/\/luebecker-bucht-lokal.de\/ostseelauf\/wp-json\/wp\/v2\/categories?post=2276"},{"taxonomy":"post_tag","embeddable":true,"href":"http:\/\/luebecker-bucht-lokal.de\/ostseelauf\/wp-json\/wp\/v2\/tags?post=2276"}],"curies":[{"name":"wp","href":"https:\/\/api.w.org\/{rel}","templated":true}]}}