{"id":2268,"date":"2018-12-20T14:32:54","date_gmt":"2018-12-20T13:32:54","guid":{"rendered":"http:\/\/luebecker-bucht-lokal.de\/ostseelauf\/?p=2268"},"modified":"2018-12-26T14:36:14","modified_gmt":"2018-12-26T13:36:14","slug":"grosses-teilnehmerfeld-aus-schweden-freut-sich-auf-timmendorfer-strand","status":"publish","type":"post","link":"http:\/\/luebecker-bucht-lokal.de\/ostseelauf\/2018\/12\/20\/grosses-teilnehmerfeld-aus-schweden-freut-sich-auf-timmendorfer-strand\/","title":{"rendered":"Gro\u00dfes Teilnehmerfeld aus Schweden freut sich auf Timmendorfer Strand"},"content":{"rendered":"<h3><img loading=\"lazy\" decoding=\"async\" class=\"alignnone size-medium wp-image-2270\" src=\"http:\/\/luebecker-bucht-lokal.de\/ostseelauf\/wp-content\/uploads\/2018\/12\/sweden-300x189.jpg\" alt=\"\" width=\"300\" height=\"189\" srcset=\"http:\/\/luebecker-bucht-lokal.de\/ostseelauf\/wp-content\/uploads\/2018\/12\/sweden-300x189.jpg 300w, http:\/\/luebecker-bucht-lokal.de\/ostseelauf\/wp-content\/uploads\/2018\/12\/sweden-768x485.jpg 768w, http:\/\/luebecker-bucht-lokal.de\/ostseelauf\/wp-content\/uploads\/2018\/12\/sweden-480x300.jpg 480w, http:\/\/luebecker-bucht-lokal.de\/ostseelauf\/wp-content\/uploads\/2018\/12\/sweden-640x400.jpg 640w, http:\/\/luebecker-bucht-lokal.de\/ostseelauf\/wp-content\/uploads\/2018\/12\/sweden.jpg 946w\" sizes=\"auto, (max-width: 300px) 100vw, 300px\" \/><\/h3>\n<h3>Spa och L\u00f6parweekend<br \/>\nOstseelauf Timmendorfer Strand<\/h3>\n<p><strong>23 Mars<\/strong><br \/>\nVi \u00e5ker tidig morgon och tar oss med f\u00e4rja \u00f6ver Helsingborg-Helsing\u00f6r, R\u00f6dby-Puttgarden. Fram emot sen eftermiddag kommer vi till v\u00e5rt fina hotell Maritim Seehotell, precis vid Timmendorfer strand d\u00e4r loppen g\u00e5r. P\u00e5 hotellet har vi tillg\u00e5ng till Spa, gym ,bastu och \u00e5ngbad. Denna f\u00f6rsta kv\u00e4ll laddar vi p\u00e5 egen hand efter tycke och smak.<\/p>\n<p><strong>24 Mars<\/strong><br \/>\nEfter en h\u00e4rlig hotellfrukost \u00e4r det dags f\u00f6r loppet, med p\u00e5 resan finns reseledare som hj\u00e4lper till med nummerlappar och annat praktiskt. F\u00f6r er som inte skall springa loppet s\u00e5 finns det h\u00e4r m\u00f6jlighet att njuta av egen tid p\u00e5 hotellet eller g\u00e5 ut och heja p\u00e5 de som springer. P\u00e5 kv\u00e4llen \u00e4ter vi en gemensam middag p\u00e5 hotellet.<\/p>\n<p><strong>25 Mars<\/strong><br \/>\nEfter en god natts s\u00f6mn och frukost checkar vi ut och \u00e5ker till Burg. H\u00e4r har vi m\u00f6jlighet att handla sm\u00e5tt och gott hos Nielsens Discount innan vi \u00e5ker med samma f\u00e4rjestr\u00e4ckor som tar oss hem till Sverige igen.<\/p>\n<p><img loading=\"lazy\" decoding=\"async\" class=\"alignnone size-medium wp-image-2271\" src=\"http:\/\/luebecker-bucht-lokal.de\/ostseelauf\/wp-content\/uploads\/2018\/12\/sweden2-300x205.jpg\" alt=\"\" width=\"300\" height=\"205\" srcset=\"http:\/\/luebecker-bucht-lokal.de\/ostseelauf\/wp-content\/uploads\/2018\/12\/sweden2-300x205.jpg 300w, http:\/\/luebecker-bucht-lokal.de\/ostseelauf\/wp-content\/uploads\/2018\/12\/sweden2-768x524.jpg 768w, http:\/\/luebecker-bucht-lokal.de\/ostseelauf\/wp-content\/uploads\/2018\/12\/sweden2.jpg 820w\" sizes=\"auto, (max-width: 300px) 100vw, 300px\" \/><\/p>\n","protected":false},"excerpt":{"rendered":"<p>Spa och L\u00f6parweekend Ostseelauf Timmendorfer Strand 23 Mars Vi \u00e5ker tidig morgon och tar oss med f\u00e4rja \u00f6ver Helsingborg-Helsing\u00f6r, R\u00f6dby-Puttgarden. Fram emot sen eftermiddag kommer vi till v\u00e5rt fina hotell &#8230;<\/p>\n","protected":false},"author":1,"featured_media":2270,"comment_status":"closed","ping_status":"closed","sticky":false,"template":"","format":"standard","meta":{"footnotes":""},"categories":[1],"tags":[],"class_list":["post-2268","post","type-post","status-publish","format-standard","has-post-thumbnail","hentry","category-allgemein"],"_links":{"self":[{"href":"http:\/\/luebecker-bucht-lokal.de\/ostseelauf\/wp-json\/wp\/v2\/posts\/2268","targetHints":{"allow":["GET"]}}],"collection":[{"href":"http:\/\/luebecker-bucht-lokal.de\/ostseelauf\/wp-json\/wp\/v2\/posts"}],"about":[{"href":"http:\/\/luebecker-bucht-lokal.de\/ostseelauf\/wp-json\/wp\/v2\/types\/post"}],"author":[{"embeddable":true,"href":"http:\/\/luebecker-bucht-lokal.de\/ostseelauf\/wp-json\/wp\/v2\/users\/1"}],"replies":[{"embeddable":true,"href":"http:\/\/luebecker-bucht-lokal.de\/ostseelauf\/wp-json\/wp\/v2\/comments?post=2268"}],"version-history":[{"count":3,"href":"http:\/\/luebecker-bucht-lokal.de\/ostseelauf\/wp-json\/wp\/v2\/posts\/2268\/revisions"}],"predecessor-version":[{"id":2273,"href":"http:\/\/luebecker-bucht-lokal.de\/ostseelauf\/wp-json\/wp\/v2\/posts\/2268\/revisions\/2273"}],"wp:featuredmedia":[{"embeddable":true,"href":"http:\/\/luebecker-bucht-lokal.de\/ostseelauf\/wp-json\/wp\/v2\/media\/2270"}],"wp:attachment":[{"href":"http:\/\/luebecker-bucht-lokal.de\/ostseelauf\/wp-json\/wp\/v2\/media?parent=2268"}],"wp:term":[{"taxonomy":"category","embeddable":true,"href":"http:\/\/luebecker-bucht-lokal.de\/ostseelauf\/wp-json\/wp\/v2\/categories?post=2268"},{"taxonomy":"post_tag","embeddable":true,"href":"http:\/\/luebecker-bucht-lokal.de\/ostseelauf\/wp-json\/wp\/v2\/tags?post=2268"}],"curies":[{"name":"wp","href":"https:\/\/api.w.org\/{rel}","templated":true}]}}