{"id":2189,"date":"2018-04-18T07:53:35","date_gmt":"2018-04-18T05:53:35","guid":{"rendered":"http:\/\/luebecker-bucht-lokal.de\/ostseelauf\/?p=2189"},"modified":"2018-04-21T23:30:00","modified_gmt":"2018-04-21T21:30:00","slug":"bilder-und-ergebnisse-sparkassen-ostseelauf-2018","status":"publish","type":"post","link":"http:\/\/luebecker-bucht-lokal.de\/ostseelauf\/2018\/04\/18\/bilder-und-ergebnisse-sparkassen-ostseelauf-2018\/","title":{"rendered":"Bilder und Ergebnisse Sparkassen-Ostseelauf 2018"},"content":{"rendered":"<p>Ca. 1400 L\u00e4ufer kamen\u00a0 nach Timmendorfer Strand, um sich auf verschiedenen Distanzen zu messen. W\u00e4hrend die 10km-L\u00e4ufer noch trocken ins Ziel kamen, hatten die 5km-L\u00e4ufer und Halbmarathonis mit Dauerregen zu k\u00e4mpfen.<\/p>\n<p><strong>Toll, dass ihr durchgehalten habt!<\/strong><\/p>\n<h3>5-km-Lauf<\/h3>\n<p><a href=\"https:\/\/photos.app.goo.gl\/dLveHhBDNvue7sEb2\" target=\"_blank\" rel=\"noopener\"><img loading=\"lazy\" decoding=\"async\" class=\"alignnone size-medium wp-image-2194\" src=\"http:\/\/luebecker-bucht-lokal.de\/ostseelauf\/wp-content\/uploads\/2018\/04\/5-km-Lauf-300x208.jpg\" alt=\"\" width=\"300\" height=\"208\" srcset=\"http:\/\/luebecker-bucht-lokal.de\/ostseelauf\/wp-content\/uploads\/2018\/04\/5-km-Lauf-300x208.jpg 300w, http:\/\/luebecker-bucht-lokal.de\/ostseelauf\/wp-content\/uploads\/2018\/04\/5-km-Lauf-768x532.jpg 768w, http:\/\/luebecker-bucht-lokal.de\/ostseelauf\/wp-content\/uploads\/2018\/04\/5-km-Lauf-1024x709.jpg 1024w, http:\/\/luebecker-bucht-lokal.de\/ostseelauf\/wp-content\/uploads\/2018\/04\/5-km-Lauf.jpg 1258w\" sizes=\"auto, (max-width: 300px) 100vw, 300px\" \/><\/a><\/p>\n<p><a href=\"http:\/\/my4.raceresult.com\/84659\/results?lang=de#2_8AF929\" target=\"_blank\" rel=\"noopener\">Fitnesslauf \u2013 Gesamtwertung (2018)<\/a><\/p>\n<p><a href=\"http:\/\/my4.raceresult.com\/84659\/results?lang=de#2_4754DB\" target=\"_blank\" rel=\"noopener\">Fitnesslauf \u2013 Altersklassenwertung (2018)<\/a><\/p>\n<h3>10-km-Lauf<\/h3>\n<p><a href=\"https:\/\/photos.app.goo.gl\/vA1VhJlmYdWjAHPz2\" target=\"_blank\" rel=\"noopener\"><img loading=\"lazy\" decoding=\"async\" class=\"alignnone size-medium wp-image-2195\" src=\"http:\/\/luebecker-bucht-lokal.de\/ostseelauf\/wp-content\/uploads\/2018\/04\/10-km-Lauf-300x208.jpg\" alt=\"\" width=\"300\" height=\"208\" srcset=\"http:\/\/luebecker-bucht-lokal.de\/ostseelauf\/wp-content\/uploads\/2018\/04\/10-km-Lauf-300x208.jpg 300w, http:\/\/luebecker-bucht-lokal.de\/ostseelauf\/wp-content\/uploads\/2018\/04\/10-km-Lauf-768x532.jpg 768w, http:\/\/luebecker-bucht-lokal.de\/ostseelauf\/wp-content\/uploads\/2018\/04\/10-km-Lauf-1024x709.jpg 1024w, http:\/\/luebecker-bucht-lokal.de\/ostseelauf\/wp-content\/uploads\/2018\/04\/10-km-Lauf.jpg 1258w\" sizes=\"auto, (max-width: 300px) 100vw, 300px\" \/><\/a><\/p>\n<p><a href=\"http:\/\/my4.raceresult.com\/84659\/results?lang=de#1_6CD51A\" target=\"_blank\" rel=\"noopener\">10 km Sparkassen Ostseelauf \u2013 Gesamtwertung (2018)<\/a><\/p>\n<p><a href=\"http:\/\/my4.raceresult.com\/84659\/results?lang=de#1_BB12D4\" target=\"_blank\" rel=\"noopener\">10 km Sparkassen Ostseelauf \u2013 Altersklassenwertung (2018)<\/a><\/p>\n<p><a href=\"http:\/\/my4.raceresult.com\/84659\/results?lang=de#1_148DD4\" target=\"_blank\" rel=\"noopener\">10 km Sparkassen Ostseelauf \u2013 Mannschaftswertung (2018)<\/a><\/p>\n<h3>Halbmarathon<\/h3>\n<p><a href=\"https:\/\/photos.app.goo.gl\/PMKcoHYt1E4krGik1\" target=\"_blank\" rel=\"noopener\"><img loading=\"lazy\" decoding=\"async\" class=\"alignnone size-medium wp-image-2192\" src=\"http:\/\/luebecker-bucht-lokal.de\/ostseelauf\/wp-content\/uploads\/2018\/04\/Halbmarathon-300x208.jpg\" alt=\"\" width=\"300\" height=\"208\" srcset=\"http:\/\/luebecker-bucht-lokal.de\/ostseelauf\/wp-content\/uploads\/2018\/04\/Halbmarathon-300x208.jpg 300w, http:\/\/luebecker-bucht-lokal.de\/ostseelauf\/wp-content\/uploads\/2018\/04\/Halbmarathon-768x532.jpg 768w, http:\/\/luebecker-bucht-lokal.de\/ostseelauf\/wp-content\/uploads\/2018\/04\/Halbmarathon-1024x709.jpg 1024w, http:\/\/luebecker-bucht-lokal.de\/ostseelauf\/wp-content\/uploads\/2018\/04\/Halbmarathon.jpg 1258w\" sizes=\"auto, (max-width: 300px) 100vw, 300px\" \/><\/a><\/p>\n<p><a href=\"http:\/\/my4.raceresult.com\/84659\/results?lang=de#3_6AAD29\" target=\"_blank\" rel=\"noopener\">Halbmarathon \u2013 Gesamtwertung (2018)<\/a><\/p>\n<p><a href=\"http:\/\/my4.raceresult.com\/84659\/results?lang=de#3_0B68BC\" target=\"_blank\" rel=\"noopener\">Halbmarathon \u2013 Altersklassenwertung (2018)<\/a><\/p>\n<p><a href=\"http:\/\/my4.raceresult.com\/84659\/results?lang=de#3_245BC4\" target=\"_blank\" rel=\"noopener\">Halbmarathon \u2013 Mannschaftswertung (2018)<\/a><\/p>\n<h3>5-km Nordic-Walking<\/h3>\n<p><a href=\"https:\/\/photos.app.goo.gl\/GV8RWqTs53dMRy9V2\" target=\"_blank\" rel=\"noopener\"><img loading=\"lazy\" decoding=\"async\" class=\"alignnone size-medium wp-image-2193\" src=\"http:\/\/luebecker-bucht-lokal.de\/ostseelauf\/wp-content\/uploads\/2018\/04\/5-km-Nordic-Walking-300x208.jpg\" alt=\"\" width=\"300\" height=\"208\" srcset=\"http:\/\/luebecker-bucht-lokal.de\/ostseelauf\/wp-content\/uploads\/2018\/04\/5-km-Nordic-Walking-300x208.jpg 300w, http:\/\/luebecker-bucht-lokal.de\/ostseelauf\/wp-content\/uploads\/2018\/04\/5-km-Nordic-Walking-768x532.jpg 768w, http:\/\/luebecker-bucht-lokal.de\/ostseelauf\/wp-content\/uploads\/2018\/04\/5-km-Nordic-Walking-1024x709.jpg 1024w, http:\/\/luebecker-bucht-lokal.de\/ostseelauf\/wp-content\/uploads\/2018\/04\/5-km-Nordic-Walking.jpg 1258w\" sizes=\"auto, (max-width: 300px) 100vw, 300px\" \/><\/a><\/p>\n<p><a href=\"http:\/\/my4.raceresult.com\/84659\/results?lang=de#4_53B383\" target=\"_blank\" rel=\"noopener\">Nordic-Walking \u2013 Gesamtwertung (2018)<\/a><\/p>\n<p><a href=\"http:\/\/my4.raceresult.com\/84659\/results?lang=de#4_1FD5E8\" target=\"_blank\" rel=\"noopener\">Nordic-Walking \u2013 Altersklassenwertung (2018)<\/a><\/p>\n<h3>Seepferdchenlauf<\/h3>\n<p><a href=\"https:\/\/photos.app.goo.gl\/omtgKFvwczzuvNqB3\" target=\"_blank\" rel=\"noopener\"><img loading=\"lazy\" decoding=\"async\" class=\"alignnone size-medium wp-image-2191\" src=\"http:\/\/luebecker-bucht-lokal.de\/ostseelauf\/wp-content\/uploads\/2018\/04\/Seepferdchenlauf-300x208.jpg\" alt=\"\" width=\"300\" height=\"208\" srcset=\"http:\/\/luebecker-bucht-lokal.de\/ostseelauf\/wp-content\/uploads\/2018\/04\/Seepferdchenlauf-300x208.jpg 300w, http:\/\/luebecker-bucht-lokal.de\/ostseelauf\/wp-content\/uploads\/2018\/04\/Seepferdchenlauf-768x532.jpg 768w, http:\/\/luebecker-bucht-lokal.de\/ostseelauf\/wp-content\/uploads\/2018\/04\/Seepferdchenlauf-1024x709.jpg 1024w, http:\/\/luebecker-bucht-lokal.de\/ostseelauf\/wp-content\/uploads\/2018\/04\/Seepferdchenlauf.jpg 1258w\" sizes=\"auto, (max-width: 300px) 100vw, 300px\" \/><\/a><\/p>\n<p><a href=\"http:\/\/my4.raceresult.com\/84659\/results?lang=de#5_85C1A0\" target=\"_blank\" rel=\"noopener\">Seepferdchenlauf \u2013 Gesamtwertung (2018)<\/a><\/p>\n<p><a href=\"http:\/\/my4.raceresult.com\/84659\/results?lang=de#5_B4D8C6\" target=\"_blank\" rel=\"noopener\">Seepferdchenlauf \u2013 Altersklassenwertung (2018)<\/a><\/p>\n<h3>Vielen Dank<\/h3>\n<p><a href=\"https:\/\/photos.app.goo.gl\/xsXocBeUnoChAPer2\" target=\"_blank\" rel=\"noopener\"><img loading=\"lazy\" decoding=\"async\" class=\"size-medium wp-image-2201\" src=\"http:\/\/luebecker-bucht-lokal.de\/ostseelauf\/wp-content\/uploads\/2018\/04\/helfer-300x200.jpg\" alt=\"\" width=\"300\" height=\"200\" srcset=\"http:\/\/luebecker-bucht-lokal.de\/ostseelauf\/wp-content\/uploads\/2018\/04\/helfer-300x200.jpg 300w, http:\/\/luebecker-bucht-lokal.de\/ostseelauf\/wp-content\/uploads\/2018\/04\/helfer-768x512.jpg 768w, http:\/\/luebecker-bucht-lokal.de\/ostseelauf\/wp-content\/uploads\/2018\/04\/helfer-1024x682.jpg 1024w, http:\/\/luebecker-bucht-lokal.de\/ostseelauf\/wp-content\/uploads\/2018\/04\/helfer.jpg 1388w\" sizes=\"auto, (max-width: 300px) 100vw, 300px\" \/><\/a><\/p>\n<p>an alle Helfer, Partner, Sponsoren<\/p>\n<p>und den Fotografen Thore J\u00fcrgensen!<\/p>\n","protected":false},"excerpt":{"rendered":"<p>Ca. 1400 L\u00e4ufer kamen\u00a0 nach Timmendorfer Strand, um sich auf verschiedenen Distanzen zu messen. W\u00e4hrend die 10km-L\u00e4ufer noch trocken ins Ziel kamen, hatten die 5km-L\u00e4ufer und Halbmarathonis mit Dauerregen zu &#8230;<\/p>\n","protected":false},"author":1,"featured_media":2192,"comment_status":"closed","ping_status":"closed","sticky":false,"template":"","format":"standard","meta":{"footnotes":""},"categories":[1],"tags":[],"class_list":["post-2189","post","type-post","status-publish","format-standard","has-post-thumbnail","hentry","category-allgemein"],"_links":{"self":[{"href":"http:\/\/luebecker-bucht-lokal.de\/ostseelauf\/wp-json\/wp\/v2\/posts\/2189","targetHints":{"allow":["GET"]}}],"collection":[{"href":"http:\/\/luebecker-bucht-lokal.de\/ostseelauf\/wp-json\/wp\/v2\/posts"}],"about":[{"href":"http:\/\/luebecker-bucht-lokal.de\/ostseelauf\/wp-json\/wp\/v2\/types\/post"}],"author":[{"embeddable":true,"href":"http:\/\/luebecker-bucht-lokal.de\/ostseelauf\/wp-json\/wp\/v2\/users\/1"}],"replies":[{"embeddable":true,"href":"http:\/\/luebecker-bucht-lokal.de\/ostseelauf\/wp-json\/wp\/v2\/comments?post=2189"}],"version-history":[{"count":9,"href":"http:\/\/luebecker-bucht-lokal.de\/ostseelauf\/wp-json\/wp\/v2\/posts\/2189\/revisions"}],"predecessor-version":[{"id":2212,"href":"http:\/\/luebecker-bucht-lokal.de\/ostseelauf\/wp-json\/wp\/v2\/posts\/2189\/revisions\/2212"}],"wp:featuredmedia":[{"embeddable":true,"href":"http:\/\/luebecker-bucht-lokal.de\/ostseelauf\/wp-json\/wp\/v2\/media\/2192"}],"wp:attachment":[{"href":"http:\/\/luebecker-bucht-lokal.de\/ostseelauf\/wp-json\/wp\/v2\/media?parent=2189"}],"wp:term":[{"taxonomy":"category","embeddable":true,"href":"http:\/\/luebecker-bucht-lokal.de\/ostseelauf\/wp-json\/wp\/v2\/categories?post=2189"},{"taxonomy":"post_tag","embeddable":true,"href":"http:\/\/luebecker-bucht-lokal.de\/ostseelauf\/wp-json\/wp\/v2\/tags?post=2189"}],"curies":[{"name":"wp","href":"https:\/\/api.w.org\/{rel}","templated":true}]}}