{"id":2175,"date":"2018-04-07T13:26:52","date_gmt":"2018-04-07T11:26:52","guid":{"rendered":"http:\/\/luebecker-bucht-lokal.de\/ostseelauf\/?p=2175"},"modified":"2018-04-07T13:26:52","modified_gmt":"2018-04-07T11:26:52","slug":"sparkassen-ostseelauf-funktions-shirts-2018","status":"publish","type":"post","link":"http:\/\/luebecker-bucht-lokal.de\/ostseelauf\/2018\/04\/07\/sparkassen-ostseelauf-funktions-shirts-2018\/","title":{"rendered":"Sparkassen-Ostseelauf Funktions-Shirts 2018"},"content":{"rendered":"<div id='gallery-1' class='gallery galleryid-2175 gallery-columns-3 gallery-size-thumbnail'><figure class='gallery-item'>\n\t\t\t<div class='gallery-icon portrait'>\n\t\t\t\t<a href='http:\/\/luebecker-bucht-lokal.de\/ostseelauf\/shirt_mann_front\/'><img loading=\"lazy\" decoding=\"async\" width=\"150\" height=\"150\" src=\"http:\/\/luebecker-bucht-lokal.de\/ostseelauf\/wp-content\/uploads\/2018\/04\/shirt_mann_front-150x150.jpg\" class=\"attachment-thumbnail size-thumbnail\" alt=\"\" \/><\/a>\n\t\t\t<\/div><\/figure><figure class='gallery-item'>\n\t\t\t<div class='gallery-icon portrait'>\n\t\t\t\t<a href='http:\/\/luebecker-bucht-lokal.de\/ostseelauf\/shirt_frau_front\/'><img loading=\"lazy\" decoding=\"async\" width=\"150\" height=\"150\" src=\"http:\/\/luebecker-bucht-lokal.de\/ostseelauf\/wp-content\/uploads\/2018\/04\/shirt_frau_front-150x150.jpg\" class=\"attachment-thumbnail size-thumbnail\" alt=\"\" \/><\/a>\n\t\t\t<\/div><\/figure><figure class='gallery-item'>\n\t\t\t<div class='gallery-icon portrait'>\n\t\t\t\t<a href='http:\/\/luebecker-bucht-lokal.de\/ostseelauf\/shirt_mann_back\/'><img loading=\"lazy\" decoding=\"async\" width=\"150\" height=\"150\" src=\"http:\/\/luebecker-bucht-lokal.de\/ostseelauf\/wp-content\/uploads\/2018\/04\/shirt_mann_back-150x150.jpg\" class=\"attachment-thumbnail size-thumbnail\" alt=\"\" \/><\/a>\n\t\t\t<\/div><\/figure><figure class='gallery-item'>\n\t\t\t<div class='gallery-icon portrait'>\n\t\t\t\t<a href='http:\/\/luebecker-bucht-lokal.de\/ostseelauf\/shirt_frau_back\/'><img loading=\"lazy\" decoding=\"async\" width=\"150\" height=\"150\" src=\"http:\/\/luebecker-bucht-lokal.de\/ostseelauf\/wp-content\/uploads\/2018\/04\/shirt_frau_back-150x150.jpg\" class=\"attachment-thumbnail size-thumbnail\" alt=\"\" \/><\/a>\n\t\t\t<\/div><\/figure>\n\t\t<\/div>\n\n<p>Die Damen- und Herren-Funktions-Shirts zum diesj\u00e4hrigen Sparkassen-Ostseelauf k\u00f6nnen am 14. und 15. April 2018 im Wettkampfb\u00fcro in der Trinkkurhalle Timmendorfer Strand k\u00e4uflich erworben werden!<br \/>\nEs sind die Gr\u00f6\u00dfen S bis XXL sind verf\u00fcgbar.<\/p>\n<p><span style=\"color: #ff0000;\"><strong>ACHTUNG<\/strong><\/span><br \/>\nDie online-Anmeldung ist noch bis zum 8. April m\u00f6glich. Am Samstag, 14. April 2018 nehmen wir im Wettkampfb\u00fcro in der Zeit von 16.00 bis 19.00 Uhr Nachmeldungen an. Am Veranstaltungstag ist keine Anmeldung mehr m\u00f6glich.<\/p>\n","protected":false},"excerpt":{"rendered":"<p>Die Damen- und Herren-Funktions-Shirts zum diesj\u00e4hrigen Sparkassen-Ostseelauf k\u00f6nnen am 14. und 15. April 2018 im Wettkampfb\u00fcro in der Trinkkurhalle Timmendorfer Strand k\u00e4uflich erworben werden! Es sind die Gr\u00f6\u00dfen S bis &#8230;<\/p>\n","protected":false},"author":1,"featured_media":2170,"comment_status":"closed","ping_status":"closed","sticky":false,"template":"","format":"standard","meta":{"footnotes":""},"categories":[1],"tags":[],"class_list":["post-2175","post","type-post","status-publish","format-standard","has-post-thumbnail","hentry","category-allgemein"],"_links":{"self":[{"href":"http:\/\/luebecker-bucht-lokal.de\/ostseelauf\/wp-json\/wp\/v2\/posts\/2175","targetHints":{"allow":["GET"]}}],"collection":[{"href":"http:\/\/luebecker-bucht-lokal.de\/ostseelauf\/wp-json\/wp\/v2\/posts"}],"about":[{"href":"http:\/\/luebecker-bucht-lokal.de\/ostseelauf\/wp-json\/wp\/v2\/types\/post"}],"author":[{"embeddable":true,"href":"http:\/\/luebecker-bucht-lokal.de\/ostseelauf\/wp-json\/wp\/v2\/users\/1"}],"replies":[{"embeddable":true,"href":"http:\/\/luebecker-bucht-lokal.de\/ostseelauf\/wp-json\/wp\/v2\/comments?post=2175"}],"version-history":[{"count":1,"href":"http:\/\/luebecker-bucht-lokal.de\/ostseelauf\/wp-json\/wp\/v2\/posts\/2175\/revisions"}],"predecessor-version":[{"id":2176,"href":"http:\/\/luebecker-bucht-lokal.de\/ostseelauf\/wp-json\/wp\/v2\/posts\/2175\/revisions\/2176"}],"wp:featuredmedia":[{"embeddable":true,"href":"http:\/\/luebecker-bucht-lokal.de\/ostseelauf\/wp-json\/wp\/v2\/media\/2170"}],"wp:attachment":[{"href":"http:\/\/luebecker-bucht-lokal.de\/ostseelauf\/wp-json\/wp\/v2\/media?parent=2175"}],"wp:term":[{"taxonomy":"category","embeddable":true,"href":"http:\/\/luebecker-bucht-lokal.de\/ostseelauf\/wp-json\/wp\/v2\/categories?post=2175"},{"taxonomy":"post_tag","embeddable":true,"href":"http:\/\/luebecker-bucht-lokal.de\/ostseelauf\/wp-json\/wp\/v2\/tags?post=2175"}],"curies":[{"name":"wp","href":"https:\/\/api.w.org\/{rel}","templated":true}]}}