{"id":1658,"date":"2017-10-03T13:42:31","date_gmt":"2017-10-03T11:42:31","guid":{"rendered":"http:\/\/luebecker-bucht-lokal.de\/ostseelauf\/?p=1658"},"modified":"2017-10-03T13:42:58","modified_gmt":"2017-10-03T11:42:58","slug":"13-sparkassen-ostseelauf-timmendorfer-strand-2017","status":"publish","type":"post","link":"http:\/\/luebecker-bucht-lokal.de\/ostseelauf\/2017\/10\/03\/13-sparkassen-ostseelauf-timmendorfer-strand-2017\/","title":{"rendered":"13. Sparkassen-Ostseelauf Timmendorfer Strand 2017"},"content":{"rendered":"<p><strong>Veranstaltungsbericht 2017<\/strong><\/p>\n<h3>Unsere Streckenrekorde von 2008 bis 2017<\/h3>\n<p>Strecke-<strong>M\u00e4nner<\/strong>, Zeit, Name, Verein<br \/>\n5-km Lauf\u00a0<strong>15:43 Minuten<\/strong>\u00a0 NEU 2017\u00a0Julius Schr\u00f6der,\u00a0Turnerbund Hamburg-Eilbek<br \/>\n10-km Lauf\u00a0<strong>31:32 Minuten\u00a0<\/strong>Pascal Detlefs,\u00a0SC Athletico B\u00fcdelsdorf<br \/>\nHalbmarathon <strong>1:12:36 Stunden<\/strong>\u00a0Dennis Mehlfeld, L\u00fcbecker SC<\/p>\n<p>Strecke-<strong>Frauen<\/strong>, Zeit, Name, Verein<br \/>\n5-km Lauf\u00a0<strong>18:03 Minuten<\/strong>\u00a0Johanna Christine Schulz,\u00a0R\u00f6nnau 74<br \/>\n10-km Lauf\u00a0<strong>34:21 Minuten<\/strong>\u00a0Julia Hiller\u00a0LAC Quelle-F\u00fchrt\/ M\u00fcnchen<br \/>\nHalbmarathon <strong>1:27:21 Stunden<\/strong> Beate Burmeister-Sch\u00f6ler,\u00a0 LBV Ph\u00f6nix L\u00fcbeck<\/p>\n<p>&nbsp;<\/p>\n<h3>10-km-Lauf<\/h3>\n<p><img loading=\"lazy\" decoding=\"async\" class=\"alignnone size-medium wp-image-1681 alignleft\" src=\"http:\/\/luebecker-bucht-lokal.de\/ostseelauf\/wp-content\/uploads\/2017\/10\/Bericht-2017-23-300x200.jpg\" alt=\"\" width=\"300\" height=\"200\" srcset=\"http:\/\/luebecker-bucht-lokal.de\/ostseelauf\/wp-content\/uploads\/2017\/10\/Bericht-2017-23-300x200.jpg 300w, http:\/\/luebecker-bucht-lokal.de\/ostseelauf\/wp-content\/uploads\/2017\/10\/Bericht-2017-23-768x512.jpg 768w, http:\/\/luebecker-bucht-lokal.de\/ostseelauf\/wp-content\/uploads\/2017\/10\/Bericht-2017-23.jpg 800w\" sizes=\"auto, (max-width: 300px) 100vw, 300px\" \/><strong>Start zum 10-km-Lauf bei gutem Laufwetter in Richtung Scharbeutz<\/strong><br \/>\nAm Wettkampftag k\u00fchles aber sonniges Laufwetter bei ca. 12 Grad beim Start. Als Favorit bei den M\u00e4nnern wurde Dennis Mehlfeld oft erw\u00e4hnt. Dennis will in Boston den Marthon laufen und wird wohl beim Ostseelauf testen, wie gut er drauf ist. Es sind \u00fcber 500 Teilnehmer f\u00fcr die 10-km Strecke gemeldet. Davon kommen 480 auch ins Ziel. Lennart Jordan kam als erster wieder an der Seebr\u00fccke ( 5km ) vorbei dicht gefolgt von Dennis Mehlfeld. Die Verfolgerruppe hatte hier schon einen R\u00fcckstand von \u00fcber einer Minute. Auch die erste Frau hatte keine direkte Verfolgerin. Da die Strecke bis nach Niendorf und zur\u00fcck sehr schnell ist, konnten wir mit einer guten Zeit um 32 Minuten rechnen. Auf dem St\u00fcck gab es einen leichten Gegenwind von der Ostsee. Dadurch wurde es nur eine Zeit \u00fcber 33 Minuten. Auf der Strecke war wieder ein alter Bekannter &#8222;Hans Joachim Matthies aus Nordestedt&#8220;. Er ist jetzt schon 87 Jahre alt und wollte es noch einmal wissen. Mit seiner Zeit von 1:22:12 ist er nicht Letzter geworden.<\/p>\n<div id='gallery-1' class='gallery galleryid-1658 gallery-columns-3 gallery-size-thumbnail'><figure class='gallery-item'>\n\t\t\t<div class='gallery-icon portrait'>\n\t\t\t\t<a href='http:\/\/luebecker-bucht-lokal.de\/ostseelauf\/2017\/10\/03\/13-sparkassen-ostseelauf-timmendorfer-strand-2017\/bericht-2017-02\/'><img loading=\"lazy\" decoding=\"async\" width=\"150\" height=\"150\" src=\"http:\/\/luebecker-bucht-lokal.de\/ostseelauf\/wp-content\/uploads\/2017\/10\/Bericht-2017-02-150x150.jpg\" class=\"attachment-thumbnail size-thumbnail\" alt=\"\" aria-describedby=\"gallery-1-1661\" \/><\/a>\n\t\t\t<\/div>\n\t\t\t\t<figcaption class='wp-caption-text gallery-caption' id='gallery-1-1661'>\n\t\t\t\tLennart Jordan hat sich etwas abgesetzt Verfolger Dennis Mehlfeld\n\t\t\t\t<\/figcaption><\/figure><figure class='gallery-item'>\n\t\t\t<div class='gallery-icon portrait'>\n\t\t\t\t<a href='http:\/\/luebecker-bucht-lokal.de\/ostseelauf\/2017\/10\/03\/13-sparkassen-ostseelauf-timmendorfer-strand-2017\/bericht-2017-03\/'><img loading=\"lazy\" decoding=\"async\" width=\"150\" height=\"150\" src=\"http:\/\/luebecker-bucht-lokal.de\/ostseelauf\/wp-content\/uploads\/2017\/10\/Bericht-2017-03-150x150.jpg\" class=\"attachment-thumbnail size-thumbnail\" alt=\"\" aria-describedby=\"gallery-1-1662\" \/><\/a>\n\t\t\t<\/div>\n\t\t\t\t<figcaption class='wp-caption-text gallery-caption' id='gallery-1-1662'>\n\t\t\t\tVerfolgergruppe\u00a0vorn Dirk Schumann Spiridon-Club Bad Oldesloe\n\t\t\t\t<\/figcaption><\/figure><figure class='gallery-item'>\n\t\t\t<div class='gallery-icon portrait'>\n\t\t\t\t<a href='http:\/\/luebecker-bucht-lokal.de\/ostseelauf\/2017\/10\/03\/13-sparkassen-ostseelauf-timmendorfer-strand-2017\/bericht-2017-01\/'><img loading=\"lazy\" decoding=\"async\" width=\"150\" height=\"150\" src=\"http:\/\/luebecker-bucht-lokal.de\/ostseelauf\/wp-content\/uploads\/2017\/10\/Bericht-2017-01-150x150.jpg\" class=\"attachment-thumbnail size-thumbnail\" alt=\"\" aria-describedby=\"gallery-1-1660\" \/><\/a>\n\t\t\t<\/div>\n\t\t\t\t<figcaption class='wp-caption-text gallery-caption' id='gallery-1-1660'>\n\t\t\t\tNadja Lellau auf dem R\u00fcckweg aus Scharbeutz kommend\n\t\t\t\t<\/figcaption><\/figure><figure class='gallery-item'>\n\t\t\t<div class='gallery-icon portrait'>\n\t\t\t\t<a href='http:\/\/luebecker-bucht-lokal.de\/ostseelauf\/2017\/10\/03\/13-sparkassen-ostseelauf-timmendorfer-strand-2017\/bericht-2017-04\/'><img loading=\"lazy\" decoding=\"async\" width=\"150\" height=\"150\" src=\"http:\/\/luebecker-bucht-lokal.de\/ostseelauf\/wp-content\/uploads\/2017\/10\/Bericht-2017-04-150x150.jpg\" class=\"attachment-thumbnail size-thumbnail\" alt=\"\" aria-describedby=\"gallery-1-1663\" \/><\/a>\n\t\t\t<\/div>\n\t\t\t\t<figcaption class='wp-caption-text gallery-caption' id='gallery-1-1663'>\n\t\t\t\tLennart Jordan, Hamburger SV im Ziel in 33:11 Minuten\n\t\t\t\t<\/figcaption><\/figure><figure class='gallery-item'>\n\t\t\t<div class='gallery-icon portrait'>\n\t\t\t\t<a href='http:\/\/luebecker-bucht-lokal.de\/ostseelauf\/2017\/10\/03\/13-sparkassen-ostseelauf-timmendorfer-strand-2017\/bericht-2017-05\/'><img loading=\"lazy\" decoding=\"async\" width=\"150\" height=\"150\" src=\"http:\/\/luebecker-bucht-lokal.de\/ostseelauf\/wp-content\/uploads\/2017\/10\/Bericht-2017-05-150x150.jpg\" class=\"attachment-thumbnail size-thumbnail\" alt=\"\" aria-describedby=\"gallery-1-1664\" \/><\/a>\n\t\t\t<\/div>\n\t\t\t\t<figcaption class='wp-caption-text gallery-caption' id='gallery-1-1664'>\n\t\t\t\tSiegerin Nadja Lellau im Ziel 39:47\n\t\t\t\t<\/figcaption><\/figure><figure class='gallery-item'>\n\t\t\t<div class='gallery-icon portrait'>\n\t\t\t\t<a href='http:\/\/luebecker-bucht-lokal.de\/ostseelauf\/2017\/10\/03\/13-sparkassen-ostseelauf-timmendorfer-strand-2017\/bericht-2017-06\/'><img loading=\"lazy\" decoding=\"async\" width=\"150\" height=\"150\" src=\"http:\/\/luebecker-bucht-lokal.de\/ostseelauf\/wp-content\/uploads\/2017\/10\/Bericht-2017-06-150x150.jpg\" class=\"attachment-thumbnail size-thumbnail\" alt=\"\" aria-describedby=\"gallery-1-1666\" \/><\/a>\n\t\t\t<\/div>\n\t\t\t\t<figcaption class='wp-caption-text gallery-caption' id='gallery-1-1666'>\n\t\t\t\tGesamtsieger mit Seepferdchenpokal\n\t\t\t\t<\/figcaption><\/figure>\n\t\t<\/div>\n\n<h3>Gesamtsieger-Siegerehrung 10-km-Lauf<\/h3>\n<p><strong><img loading=\"lazy\" decoding=\"async\" class=\"size-medium wp-image-1667 alignleft\" src=\"http:\/\/luebecker-bucht-lokal.de\/ostseelauf\/wp-content\/uploads\/2017\/10\/Bericht-2017-07-300x200.jpg\" alt=\"\" width=\"300\" height=\"200\" srcset=\"http:\/\/luebecker-bucht-lokal.de\/ostseelauf\/wp-content\/uploads\/2017\/10\/Bericht-2017-07-300x200.jpg 300w, http:\/\/luebecker-bucht-lokal.de\/ostseelauf\/wp-content\/uploads\/2017\/10\/Bericht-2017-07-768x512.jpg 768w, http:\/\/luebecker-bucht-lokal.de\/ostseelauf\/wp-content\/uploads\/2017\/10\/Bericht-2017-07.jpg 800w\" sizes=\"auto, (max-width: 300px) 100vw, 300px\" \/>Gesamtsieger-M\u00e4nner<\/strong><br \/>\n1. Platz in 00:33:11 <strong>Lennart Jordan<\/strong>, Hamburger SV<br \/>\n2. Platz in 00:33:57 <strong>Dennis Mehlfeld<\/strong>, L\u00fcbecker SC<br \/>\n3. Platz in 00:36:18 <strong>Fredrick Paul Muluve<\/strong>, LBV Ph\u00f6nix L\u00fcbeck<\/p>\n<p><strong>Gesamtsiegerinnen-Frauen\u00a0<\/strong><br \/>\n1. Platz in 00:39:47 <strong>Nadja Nellau<\/strong>, K\u00f6thel<br \/>\n2. Platz in 00:42:24 <strong>Kirsten Vollmann<\/strong>, Eutin<br \/>\n3. Platz in 00:43:53 <strong>Sandra Menningen<\/strong>, L\u00fcbeck<\/p>\n<p><strong>Mannschaften-M\u00e4nner\u00a0<\/strong><br \/>\n1. Platz in 1:55:47 <strong>LG-Uni L\u00fcbeck<\/strong> mit Richard Mietz, Martin Rhode, Steve M\u00f6lter<br \/>\n2. Platz in 1:56:08 <strong>Tri-Sport L\u00fcbeck<\/strong> mit Alexander Giesen,, Mahmoud Jibrel, Ingo Wagner<br \/>\n3. Platz in 02:09:23 <strong>Trias Bad Schwartau<\/strong> mit Jan Patrick Lucht, Stephan Birnmeyer, Sven Schulze<\/p>\n<p><strong>Mannschaften-Frauen\u00a0<\/strong><br \/>\n1. Platz in 2:15:12 <strong>Runnng Athlete L\u00fcbeck<\/strong> mit Sandra Menningen, Katrin Kollmeier-Trautwein, Carmen Schulz<br \/>\n2. Platz in 2:33:41 <strong>Runnng Athlete L\u00fcbeck-2<\/strong> mit Katrin Brucks, Anne Ahler, Andrea Czichy<br \/>\n3. Platz in 3:00:53 <strong>Ostseeperlen<\/strong> mit Svenja M\u00f6ller, Claudia Br\u00f6mel, Katja Breuer<\/p>\n<h3>5-km-Lauf<\/h3>\n<p><img loading=\"lazy\" decoding=\"async\" class=\"alignnone size-medium wp-image-1668 alignleft\" src=\"http:\/\/luebecker-bucht-lokal.de\/ostseelauf\/wp-content\/uploads\/2017\/10\/Bericht-2017-08-300x200.jpg\" alt=\"\" width=\"300\" height=\"200\" srcset=\"http:\/\/luebecker-bucht-lokal.de\/ostseelauf\/wp-content\/uploads\/2017\/10\/Bericht-2017-08-300x200.jpg 300w, http:\/\/luebecker-bucht-lokal.de\/ostseelauf\/wp-content\/uploads\/2017\/10\/Bericht-2017-08-768x512.jpg 768w, http:\/\/luebecker-bucht-lokal.de\/ostseelauf\/wp-content\/uploads\/2017\/10\/Bericht-2017-08.jpg 800w\" sizes=\"auto, (max-width: 300px) 100vw, 300px\" \/><strong>Start 5-km-Lauf in Richtung Niendorf. Dann ist die Ostsee links von der Laufstrecke.<\/strong><br \/>\nDer 5-km-Lauf mit 285 Finishern war wieder, wie schon im letzten Jahr, mit Topleuten besetzt. Die ersten sechs M\u00e4nner kamen alle unter 17 Minuten ins Ziel. Es ware so viele schnelle Teilnehmer gemeldet, dass man schwer einen Favoriten nennen konnte. Hier musste die Tagesform entscheiden. Auch bei den Frauen waren die Zeiten super. Die ersten drei liefen unter 20 Minuten. Auch in diesem Jahr wurde wieder ein tolles Mountain-Bike von unserem Sponsor Fahrrad-Hesse unter allen Startern ausgelost.<\/p>\n<div id='gallery-2' class='gallery galleryid-1658 gallery-columns-3 gallery-size-thumbnail'><figure class='gallery-item'>\n\t\t\t<div class='gallery-icon portrait'>\n\t\t\t\t<a href='http:\/\/luebecker-bucht-lokal.de\/ostseelauf\/2017\/10\/03\/13-sparkassen-ostseelauf-timmendorfer-strand-2017\/bericht-2017-09\/'><img loading=\"lazy\" decoding=\"async\" width=\"150\" height=\"150\" src=\"http:\/\/luebecker-bucht-lokal.de\/ostseelauf\/wp-content\/uploads\/2017\/10\/Bericht-2017-09-150x150.jpg\" class=\"attachment-thumbnail size-thumbnail\" alt=\"\" aria-describedby=\"gallery-2-1669\" \/><\/a>\n\t\t\t<\/div>\n\t\t\t\t<figcaption class='wp-caption-text gallery-caption' id='gallery-2-1669'>\n\t\t\t\tGesamtsieger Julius Schr\u00f6der vom Turnerbung Hamburg Eilbeck in 15:43\n\t\t\t\t<\/figcaption><\/figure><figure class='gallery-item'>\n\t\t\t<div class='gallery-icon portrait'>\n\t\t\t\t<a href='http:\/\/luebecker-bucht-lokal.de\/ostseelauf\/2017\/10\/03\/13-sparkassen-ostseelauf-timmendorfer-strand-2017\/bericht-2017-10\/'><img loading=\"lazy\" decoding=\"async\" width=\"150\" height=\"150\" src=\"http:\/\/luebecker-bucht-lokal.de\/ostseelauf\/wp-content\/uploads\/2017\/10\/Bericht-2017-10-150x150.jpg\" class=\"attachment-thumbnail size-thumbnail\" alt=\"\" aria-describedby=\"gallery-2-1670\" \/><\/a>\n\t\t\t<\/div>\n\t\t\t\t<figcaption class='wp-caption-text gallery-caption' id='gallery-2-1670'>\n\t\t\t\tGesamtsiegerin Melinda Schr\u00f6der vom TSV Zarpen in 19:07mit Seepferdchenpokal\n\t\t\t\t<\/figcaption><\/figure>\n\t\t<\/div>\n\n<h3>Gesamtsiegerehrung 5-km<\/h3>\n<p><img loading=\"lazy\" decoding=\"async\" class=\"alignnone size-medium wp-image-1667 alignleft\" src=\"http:\/\/luebecker-bucht-lokal.de\/ostseelauf\/wp-content\/uploads\/2017\/10\/Bericht-2017-07-300x200.jpg\" alt=\"\" width=\"300\" height=\"200\" srcset=\"http:\/\/luebecker-bucht-lokal.de\/ostseelauf\/wp-content\/uploads\/2017\/10\/Bericht-2017-07-300x200.jpg 300w, http:\/\/luebecker-bucht-lokal.de\/ostseelauf\/wp-content\/uploads\/2017\/10\/Bericht-2017-07-768x512.jpg 768w, http:\/\/luebecker-bucht-lokal.de\/ostseelauf\/wp-content\/uploads\/2017\/10\/Bericht-2017-07.jpg 800w\" sizes=\"auto, (max-width: 300px) 100vw, 300px\" \/>Siegerehrung M\u00e4nner und Frauen\u00a0gemeinsam durch die B\u00fcrgermeisterin von Timmendorfer Strand<\/p>\n<p><strong>Gesamtsieger 5-km-Lauf\u00a0<\/strong><br \/>\n1. SCHROEDER Julius, Turnerbund Hamburg Eilbeck 15:43<br \/>\n2. CHRIST Jannik Frank, SG TSV Kronshagen \/ Kieler 15:58<br \/>\n3. BOLBAT Marcel, Hamburger Triathlon Verband 16:36<\/p>\n<p><strong>Gesamtsiegerinnen 5-km-Lauf\u00a0<\/strong><br \/>\n1. SCHR\u00d6DER Melinda, TSV Zarpen 19:07<br \/>\n2. KIEL Sandra, TSV Bargteheide Tri 19:14<br \/>\n3. DIETZEL Leann, SG Wasserratten Norderstedt 19:30<\/p>\n<h3>HALBMARATHON<\/h3>\n<p><img loading=\"lazy\" decoding=\"async\" class=\"size-medium wp-image-1672 alignleft\" src=\"http:\/\/luebecker-bucht-lokal.de\/ostseelauf\/wp-content\/uploads\/2017\/10\/Bericht-2017-12-300x200.jpg\" alt=\"\" width=\"300\" height=\"200\" srcset=\"http:\/\/luebecker-bucht-lokal.de\/ostseelauf\/wp-content\/uploads\/2017\/10\/Bericht-2017-12-300x200.jpg 300w, http:\/\/luebecker-bucht-lokal.de\/ostseelauf\/wp-content\/uploads\/2017\/10\/Bericht-2017-12-768x512.jpg 768w, http:\/\/luebecker-bucht-lokal.de\/ostseelauf\/wp-content\/uploads\/2017\/10\/Bericht-2017-12.jpg 800w\" sizes=\"auto, (max-width: 300px) 100vw, 300px\" \/><strong>Nur Zehn Minuten nach dem 5-km-Start sind die Halbmarathonl\u00e4ufer dran.<\/strong> Start Halbmarathon in Richtung Scharbeutz, dann ist die Ostsee rechts von der Strecke. Der Halbmarathon wird in diesem Jahr auch auf der 10-km-Strecke gelaufen. Der Wendepunkt in Niendorf ist aber wegen Bauarbeiten verlegt worden. Jetzt ist f\u00fcr beide Runden der gleiche Wendepunkt in Niendorf anzulaufen. Vom Start bis nach Scharbeutz zum Wendepunkt und wieder hier an der Seebr\u00fccke vorbei bis nach Niendorf. Dort \u00fcber den neuen Wendepunkt zur\u00fcck am Ziel vorbei wieder nach Scharbeutz in die zweite Runde. Auf dieser Strecke gibt es ja alle 2,5 Kilometer Getr\u00e4nkestellen und auch 6 gro\u00dfe Toilettenh\u00e4user. Gelaufen wird immer auf der Promenade direkt an der Ostsee entlang.Am Start ist auch die Vorjahressigerin Manuela Sporleder aus Hamburg und der 5-km-Gesamtsieger Leif Schr\u00f6der-Groeneveld.<\/p>\n<p><img loading=\"lazy\" decoding=\"async\" class=\"size-medium wp-image-1673 alignleft\" src=\"http:\/\/luebecker-bucht-lokal.de\/ostseelauf\/wp-content\/uploads\/2017\/10\/Bericht-2017-13-300x200.jpg\" alt=\"\" width=\"300\" height=\"200\" srcset=\"http:\/\/luebecker-bucht-lokal.de\/ostseelauf\/wp-content\/uploads\/2017\/10\/Bericht-2017-13-300x200.jpg 300w, http:\/\/luebecker-bucht-lokal.de\/ostseelauf\/wp-content\/uploads\/2017\/10\/Bericht-2017-13-768x512.jpg 768w, http:\/\/luebecker-bucht-lokal.de\/ostseelauf\/wp-content\/uploads\/2017\/10\/Bericht-2017-13.jpg 800w\" sizes=\"auto, (max-width: 300px) 100vw, 300px\" \/><\/p>\n<p><strong>Auf der Promenade auf dem R\u00fcckweg aus Scharbeutz<\/strong><\/p>\n<p>&nbsp;<\/p>\n<div id='gallery-3' class='gallery galleryid-1658 gallery-columns-3 gallery-size-thumbnail'><figure class='gallery-item'>\n\t\t\t<div class='gallery-icon portrait'>\n\t\t\t\t<a href='http:\/\/luebecker-bucht-lokal.de\/ostseelauf\/2017\/10\/03\/13-sparkassen-ostseelauf-timmendorfer-strand-2017\/bericht-2017-14\/'><img loading=\"lazy\" decoding=\"async\" width=\"150\" height=\"150\" src=\"http:\/\/luebecker-bucht-lokal.de\/ostseelauf\/wp-content\/uploads\/2017\/10\/Bericht-2017-14-150x150.jpg\" class=\"attachment-thumbnail size-thumbnail\" alt=\"\" aria-describedby=\"gallery-3-1674\" \/><\/a>\n\t\t\t<\/div>\n\t\t\t\t<figcaption class='wp-caption-text gallery-caption' id='gallery-3-1674'>\n\t\t\t\tIm Ziel Gesamtsieger Leif Schr\u00f6der-Groeneveld in 1:16:00.\n\t\t\t\t<\/figcaption><\/figure><figure class='gallery-item'>\n\t\t\t<div class='gallery-icon portrait'>\n\t\t\t\t<a href='http:\/\/luebecker-bucht-lokal.de\/ostseelauf\/2017\/10\/03\/13-sparkassen-ostseelauf-timmendorfer-strand-2017\/bericht-2017-15\/'><img loading=\"lazy\" decoding=\"async\" width=\"150\" height=\"150\" src=\"http:\/\/luebecker-bucht-lokal.de\/ostseelauf\/wp-content\/uploads\/2017\/10\/Bericht-2017-15-150x150.jpg\" class=\"attachment-thumbnail size-thumbnail\" alt=\"\" aria-describedby=\"gallery-3-1675\" \/><\/a>\n\t\t\t<\/div>\n\t\t\t\t<figcaption class='wp-caption-text gallery-caption' id='gallery-3-1675'>\n\t\t\t\tSiegerin Manuela Sporleder wie im letzten Jahr in 1:28:00.\n\t\t\t\t<\/figcaption><\/figure><figure class='gallery-item'>\n\t\t\t<div class='gallery-icon portrait'>\n\t\t\t\t<a href='http:\/\/luebecker-bucht-lokal.de\/ostseelauf\/2017\/10\/03\/13-sparkassen-ostseelauf-timmendorfer-strand-2017\/bericht-2017-16\/'><img loading=\"lazy\" decoding=\"async\" width=\"150\" height=\"150\" src=\"http:\/\/luebecker-bucht-lokal.de\/ostseelauf\/wp-content\/uploads\/2017\/10\/Bericht-2017-16-150x150.jpg\" class=\"attachment-thumbnail size-thumbnail\" alt=\"\" aria-describedby=\"gallery-3-1676\" srcset=\"http:\/\/luebecker-bucht-lokal.de\/ostseelauf\/wp-content\/uploads\/2017\/10\/Bericht-2017-16-150x150.jpg 150w, http:\/\/luebecker-bucht-lokal.de\/ostseelauf\/wp-content\/uploads\/2017\/10\/Bericht-2017-16-400x400.jpg 400w\" sizes=\"auto, (max-width: 150px) 100vw, 150px\" \/><\/a>\n\t\t\t<\/div>\n\t\t\t\t<figcaption class='wp-caption-text gallery-caption' id='gallery-3-1676'>\n\t\t\t\t\nDie beiden Halbmarathon-Gesamtsieger mit dem gro\u00dfen Seepferdchenpokal.\n\t\t\t\t<\/figcaption><\/figure>\n\t\t<\/div>\n\n<h3>Gesamtsieger-Siegerehrung Halbmarathon<\/h3>\n<p><img loading=\"lazy\" decoding=\"async\" class=\"size-medium wp-image-1677 alignleft\" src=\"http:\/\/luebecker-bucht-lokal.de\/ostseelauf\/wp-content\/uploads\/2017\/10\/Bericht-2017-17-300x200.jpg\" alt=\"\" width=\"300\" height=\"200\" srcset=\"http:\/\/luebecker-bucht-lokal.de\/ostseelauf\/wp-content\/uploads\/2017\/10\/Bericht-2017-17-300x200.jpg 300w, http:\/\/luebecker-bucht-lokal.de\/ostseelauf\/wp-content\/uploads\/2017\/10\/Bericht-2017-17-768x512.jpg 768w, http:\/\/luebecker-bucht-lokal.de\/ostseelauf\/wp-content\/uploads\/2017\/10\/Bericht-2017-17.jpg 800w\" sizes=\"auto, (max-width: 300px) 100vw, 300px\" \/><strong>Gesamtsieger-M\u00e4nner\u00a0<\/strong><br \/>\n1. SCHR\u00d6DER-GROENEVE, Wittenseer Aktiv Team 1:16:00<br \/>\n2. WESTOVER Richard, Stockelsdorf 1:17:53<br \/>\n3. DANNEHL Jan, Triabolos Hamburg e.V. 1:19:21<\/p>\n<p><strong>Gesamtsiegerinnen-Frauen\u00a0<\/strong><br \/>\n1. SPORLEDER Manuela, AG Hamburg West 1:28:20<br \/>\n2. DR. HABERKORN Kerstin, L\u00fcbecker Marathon e. V. 1:33:09<br \/>\n3. ESDORF Claudia, Erdinger Alkoholfrei 1:35:26<\/p>\n<p><strong>Mannschaften-M\u00e4nner\u00a0<\/strong><br \/>\n1. <strong>Tri-Sport L\u00fcbeck<\/strong> 4:30:12 Std. KLOTZ Tobias, PAULSMEIER Kai, NOORI Abdul Haseeb (AFG)<br \/>\n2. <strong>M\u00f6llner SV<\/strong> 4:33:47 Std. K\u00dcHNE Michael, ROCKSTROH Roland, KR\u00dcGER Lutz<br \/>\n3. <strong>Running Athlete L\u00fcbeck<\/strong> 4:46:36 Std. KRIEGLSTEIN Jan, FRENZEL Daniel, K\u00dcHL Jens<\/p>\n<p><strong>Mannschaften-Frauen\u00a0<\/strong><br \/>\n1. <strong>Running Athlete L\u00fcbeck<\/strong> 5:09:14 Std. R\u00dcTZ DE SEGURA Simone, BRANDENBURGER Christine, MARAUN Julia<br \/>\n2. <strong>L\u00fcbecker SC<\/strong> 5:25:42 Std. K\u00dcNZEL Anja, SCHIPPER Stephanie,, PREU\u00df Christa<\/p>\n<h3>NORDIC-WALKING<\/h3>\n<p><img loading=\"lazy\" decoding=\"async\" class=\"alignnone size-medium wp-image-1678 alignleft\" src=\"http:\/\/luebecker-bucht-lokal.de\/ostseelauf\/wp-content\/uploads\/2017\/10\/Bericht-2017-20-300x200.jpg\" alt=\"\" width=\"300\" height=\"200\" srcset=\"http:\/\/luebecker-bucht-lokal.de\/ostseelauf\/wp-content\/uploads\/2017\/10\/Bericht-2017-20-300x200.jpg 300w, http:\/\/luebecker-bucht-lokal.de\/ostseelauf\/wp-content\/uploads\/2017\/10\/Bericht-2017-20-768x512.jpg 768w, http:\/\/luebecker-bucht-lokal.de\/ostseelauf\/wp-content\/uploads\/2017\/10\/Bericht-2017-20.jpg 800w\" sizes=\"auto, (max-width: 300px) 100vw, 300px\" \/><strong>Start Nordic-Walking \u00fcber 5 Kilometer in Richtung Niendorf<\/strong><br \/>\nDie Nordic-Walker geh\u00f6ren nun schon seit viele Jahren zum Ostseelauf. Auf der wundersch\u00f6nen Strecke entlang der Ostsee zu walken, wird immer beliebter. Laut Ausschreibung k\u00f6nnen nur Nordic-Walker teilnehmen. Bei uns beim Ostseelauf bkommen alle Walker im Ziel eine Medaille umgeh\u00e4ngt.<\/p>\n<p>&nbsp;<\/p>\n<h3>innogy-Seepferdchenlauf \u00fcber eine Seemeile (1852 m)<\/h3>\n<p><img loading=\"lazy\" decoding=\"async\" class=\"alignnone size-medium wp-image-1679 alignleft\" src=\"http:\/\/luebecker-bucht-lokal.de\/ostseelauf\/wp-content\/uploads\/2017\/10\/Bericht-2017-21-300x200.jpg\" alt=\"\" width=\"300\" height=\"200\" srcset=\"http:\/\/luebecker-bucht-lokal.de\/ostseelauf\/wp-content\/uploads\/2017\/10\/Bericht-2017-21-300x200.jpg 300w, http:\/\/luebecker-bucht-lokal.de\/ostseelauf\/wp-content\/uploads\/2017\/10\/Bericht-2017-21-768x512.jpg 768w, http:\/\/luebecker-bucht-lokal.de\/ostseelauf\/wp-content\/uploads\/2017\/10\/Bericht-2017-21.jpg 800w\" sizes=\"auto, (max-width: 300px) 100vw, 300px\" \/><strong>Start innogy-Seepferdchenlauf&#8220;<\/strong><\/p>\n<p>Zum Schluss startet der innogy-Seepferdchenlauf \u00fcber eine Seemeile von der Seebr\u00fccke bis zum Hotel Seeschl\u00f6sschen und zur\u00fcck. Mit Zwei Motorr\u00e4dern mit Blaulicht vorweg bis ins Ziel. Herr Schindowski von der Firma innogy gab den Startschuss. Jeder bekommt im Ziel eine Medaille. Danach gibt es eine gro\u00dfe Siegerehrung auf der gro\u00dfen B\u00fchne bei der Seebr\u00fccke auf der die Altersklassen-Sieger und Siegerinnen in den Pl\u00e4tzen 1. bis 3. mit Medaillen in Gold, Silber und Bronze geehrt werden. Alle Siegerehrungs-Teilnehmer bekamen auch noch Gutscheine vom &#8222;Karls Erdbeerhof&#8220;.<\/p>\n<p><img loading=\"lazy\" decoding=\"async\" class=\"size-medium wp-image-1680 alignleft\" src=\"http:\/\/luebecker-bucht-lokal.de\/ostseelauf\/wp-content\/uploads\/2017\/10\/Bericht-2017-22-300x200.jpg\" alt=\"\" width=\"300\" height=\"200\" srcset=\"http:\/\/luebecker-bucht-lokal.de\/ostseelauf\/wp-content\/uploads\/2017\/10\/Bericht-2017-22-300x200.jpg 300w, http:\/\/luebecker-bucht-lokal.de\/ostseelauf\/wp-content\/uploads\/2017\/10\/Bericht-2017-22-768x512.jpg 768w, http:\/\/luebecker-bucht-lokal.de\/ostseelauf\/wp-content\/uploads\/2017\/10\/Bericht-2017-22.jpg 800w\" sizes=\"auto, (max-width: 300px) 100vw, 300px\" \/><\/p>\n<p>Jetzt geht es los! 1852 Meter innogy-Seepferdchenlauf<\/p>\n<h3>DANKE<\/h3>\n<p>Das Organisationsteam freut sich, dass alle Teilnehmer ohne Zwischenf\u00e4lle und gesundheitlichen Probleme ihre L\u00e4ufe geschafft haben. Auch dar\u00fcber, dass das Wetter wieder so gut war und dadurh auch viele Zuschauer die L\u00e4ufer und L\u00e4uferinnen auf der Strecke und im Ziel angefeuert haben. Wir bedanken uns bei allen Sponsoren und Helfern dieser Veransatltung, daf\u00fcr dass sie uns nun schon zum 13. Mal so unterst\u00fctzen und daf\u00fcr gesorgt haben, dass wir diese Veranstaltung so durchf\u00fchren konnten.<br \/>\n<strong>Euer Organisations-Team<\/strong><\/p>\n<p>Fotos von Thore J\u00fcrgensen<\/p>\n","protected":false},"excerpt":{"rendered":"<p>Veranstaltungsbericht 2017 Unsere Streckenrekorde von 2008 bis 2017 Strecke-M\u00e4nner, Zeit, Name, Verein 5-km Lauf\u00a015:43 Minuten\u00a0 NEU 2017\u00a0Julius Schr\u00f6der,\u00a0Turnerbund Hamburg-Eilbek 10-km Lauf\u00a031:32 Minuten\u00a0Pascal Detlefs,\u00a0SC Athletico B\u00fcdelsdorf Halbmarathon 1:12:36 Stunden\u00a0Dennis Mehlfeld, L\u00fcbecker &#8230;<\/p>\n","protected":false},"author":1,"featured_media":1681,"comment_status":"closed","ping_status":"closed","sticky":false,"template":"","format":"standard","meta":{"footnotes":""},"categories":[1],"tags":[],"class_list":["post-1658","post","type-post","status-publish","format-standard","has-post-thumbnail","hentry","category-allgemein"],"_links":{"self":[{"href":"http:\/\/luebecker-bucht-lokal.de\/ostseelauf\/wp-json\/wp\/v2\/posts\/1658","targetHints":{"allow":["GET"]}}],"collection":[{"href":"http:\/\/luebecker-bucht-lokal.de\/ostseelauf\/wp-json\/wp\/v2\/posts"}],"about":[{"href":"http:\/\/luebecker-bucht-lokal.de\/ostseelauf\/wp-json\/wp\/v2\/types\/post"}],"author":[{"embeddable":true,"href":"http:\/\/luebecker-bucht-lokal.de\/ostseelauf\/wp-json\/wp\/v2\/users\/1"}],"replies":[{"embeddable":true,"href":"http:\/\/luebecker-bucht-lokal.de\/ostseelauf\/wp-json\/wp\/v2\/comments?post=1658"}],"version-history":[{"count":3,"href":"http:\/\/luebecker-bucht-lokal.de\/ostseelauf\/wp-json\/wp\/v2\/posts\/1658\/revisions"}],"predecessor-version":[{"id":1683,"href":"http:\/\/luebecker-bucht-lokal.de\/ostseelauf\/wp-json\/wp\/v2\/posts\/1658\/revisions\/1683"}],"wp:featuredmedia":[{"embeddable":true,"href":"http:\/\/luebecker-bucht-lokal.de\/ostseelauf\/wp-json\/wp\/v2\/media\/1681"}],"wp:attachment":[{"href":"http:\/\/luebecker-bucht-lokal.de\/ostseelauf\/wp-json\/wp\/v2\/media?parent=1658"}],"wp:term":[{"taxonomy":"category","embeddable":true,"href":"http:\/\/luebecker-bucht-lokal.de\/ostseelauf\/wp-json\/wp\/v2\/categories?post=1658"},{"taxonomy":"post_tag","embeddable":true,"href":"http:\/\/luebecker-bucht-lokal.de\/ostseelauf\/wp-json\/wp\/v2\/tags?post=1658"}],"curies":[{"name":"wp","href":"https:\/\/api.w.org\/{rel}","templated":true}]}}