{"id":1593,"date":"2017-10-01T19:54:23","date_gmt":"2017-10-01T17:54:23","guid":{"rendered":"http:\/\/luebecker-bucht-lokal.de\/ostseelauf\/?p=1593"},"modified":"2017-10-01T19:57:29","modified_gmt":"2017-10-01T17:57:29","slug":"sparkassen-ostseelauf-timmendorfer-strand-2015","status":"publish","type":"post","link":"http:\/\/luebecker-bucht-lokal.de\/ostseelauf\/2017\/10\/01\/sparkassen-ostseelauf-timmendorfer-strand-2015\/","title":{"rendered":"Sparkassen-Ostseelauf Timmendorfer Strand 2015"},"content":{"rendered":"<h3>Neuer Rekord mit 1722 Meldungen<\/h3>\n<p><strong>Unsere Streckenrekorde von 2008 bis 2015<\/strong><\/p>\n<p><strong>Strecke-M\u00e4nner<\/strong>,\u00a0Zeit,\u00a0Name,\u00a0Verein<\/p>\n<p>5-km Lauf:\u00a0<strong>15:46 Minuten<\/strong>,\u00a0Tobias Melnyk,\u00a0M\u00f6llner SV<br \/>\n10-km Lauf:\u00a0NEU 2015\u00a0<strong>31:32 Minuten<\/strong>,\u00a0Pascal Detlefs,\u00a0SC Athletico B\u00fcdelsdorf<br \/>\nHalbmarathon: <strong>1:12:36 Stunden<\/strong>, Dennis Mehlfeld, L\u00fcbecker SC<\/p>\n<p><strong>Strecke-Frauen<\/strong>, Zeit, Name, Verein<\/p>\n<p>5-km Lauf:\u00a0NEU 2015\u00a0<strong>18:03 Minuten<\/strong>,\u00a0Johanna Christine Schulz,\u00a0R\u00f6nnau 74<br \/>\n10-km Lauf:\u00a0<strong>34:21 Minuten<\/strong>,\u00a0 Julia Hiller, LAC Quelle-F\u00fchrt\/ M\u00fcnchen<br \/>\nHalbmarathon: <strong>1:27:21 Stunden<\/strong>, Beate Burmeister-Sch\u00f6ler\u00a0 \u00a0LBV Ph\u00f6nix L\u00fcbeck<\/p>\n<h3>10-km-Lauf<\/h3>\n<p><img loading=\"lazy\" decoding=\"async\" class=\"alignnone size-medium wp-image-1595 alignleft\" src=\"http:\/\/luebecker-bucht-lokal.de\/ostseelauf\/wp-content\/uploads\/2017\/10\/Bericht-2015-Bild-01-300x200.jpg\" alt=\"\" width=\"300\" height=\"200\" srcset=\"http:\/\/luebecker-bucht-lokal.de\/ostseelauf\/wp-content\/uploads\/2017\/10\/Bericht-2015-Bild-01-300x200.jpg 300w, http:\/\/luebecker-bucht-lokal.de\/ostseelauf\/wp-content\/uploads\/2017\/10\/Bericht-2015-Bild-01-768x512.jpg 768w, http:\/\/luebecker-bucht-lokal.de\/ostseelauf\/wp-content\/uploads\/2017\/10\/Bericht-2015-Bild-01.jpg 800w\" sizes=\"auto, (max-width: 300px) 100vw, 300px\" \/>Start zum 10-km-Lauf bei gutem Laufwetter in Richtung Scharbeutz<br \/>\nNach einer Orkan-Nacht an der Ostsee, dann aber am Wettkampftag ein wundersch\u00f6ner Sonnenaufgang und gutes sonniges Laufwetter. Etwas k\u00fchl beim Start und nur noch wenig Wind. Vom Start weg hat sich der Vorjahressieger Pascal Detlefs vom SC Athletico B\u00fcdelsdorf abgesetzt. Er wollte in diesem Jahr seine 32:11 Minuten aus dem Vorjahr unterbieten und \u00fcbernahm die F\u00fchrungsarbeit. Gefolgt von seinem Vereinskameraden Vilmos Tomaschewski, der nur mit 9 Sekunden R\u00fcckstand bei Kilometer f\u00fcnf an der Seebr\u00fccke folgte. Kurz dahinter kam schon Simon M\u00fcller vom Tri-Sport L\u00fcbeck. An dieser Reihenfolge \u00e4nderte sich bis ins Ziel nichts mehr. Bei den Frauen blieb der harte Zweikampf aus. Natalie Jachmann von der LG Flensburg hatte gleich einen gro\u00dfen Vorsprung herausgelaufen und siegte in 37:53 Minuten vor Corinna Beck von der STG TSV Kronshagen\/Kieler TB in 41:25 Minuten. Dritte wurde Mareen Hilgendorf von der August-Bier-Klinik in 41:35 Minuten. Pascal und auch Natalie hatten ihre Vorjahreszeit geknackt. Pascal hat sogar einen neuen Streckenrekord auf der 10-km-Strecke aufgestellt. Oben auf der Seite die aktuellen Streckenrekorde.<\/p>\n<div id='gallery-1' class='gallery galleryid-1593 gallery-columns-3 gallery-size-thumbnail'><figure class='gallery-item'>\n\t\t\t<div class='gallery-icon portrait'>\n\t\t\t\t<a href='http:\/\/luebecker-bucht-lokal.de\/ostseelauf\/2017\/10\/01\/sparkassen-ostseelauf-timmendorfer-strand-2015\/bericht-2015-bild-02\/'><img loading=\"lazy\" decoding=\"async\" width=\"150\" height=\"150\" src=\"http:\/\/luebecker-bucht-lokal.de\/ostseelauf\/wp-content\/uploads\/2017\/10\/Bericht-2015-Bild-02-150x150.jpg\" class=\"attachment-thumbnail size-thumbnail\" alt=\"\" aria-describedby=\"gallery-1-1596\" \/><\/a>\n\t\t\t<\/div>\n\t\t\t\t<figcaption class='wp-caption-text gallery-caption' id='gallery-1-1596'>\n\t\t\t\tPascal Detlefs vom SC Athletico B\u00fcdelsdorf hat sich abgesetzt\n\t\t\t\t<\/figcaption><\/figure><figure class='gallery-item'>\n\t\t\t<div class='gallery-icon portrait'>\n\t\t\t\t<a href='http:\/\/luebecker-bucht-lokal.de\/ostseelauf\/2017\/10\/01\/sparkassen-ostseelauf-timmendorfer-strand-2015\/bericht-2015-bild-03\/'><img loading=\"lazy\" decoding=\"async\" width=\"150\" height=\"150\" src=\"http:\/\/luebecker-bucht-lokal.de\/ostseelauf\/wp-content\/uploads\/2017\/10\/Bericht-2015-Bild-03-150x150.jpg\" class=\"attachment-thumbnail size-thumbnail\" alt=\"\" aria-describedby=\"gallery-1-1597\" \/><\/a>\n\t\t\t<\/div>\n\t\t\t\t<figcaption class='wp-caption-text gallery-caption' id='gallery-1-1597'>\n\t\t\t\tVerfolger Vilmos Tomaschewski\u00a0SC Athletico B\u00fcdelsdorf\n\t\t\t\t<\/figcaption><\/figure><figure class='gallery-item'>\n\t\t\t<div class='gallery-icon portrait'>\n\t\t\t\t<a href='http:\/\/luebecker-bucht-lokal.de\/ostseelauf\/2017\/10\/01\/sparkassen-ostseelauf-timmendorfer-strand-2015\/bericht-2015-bild-04\/'><img loading=\"lazy\" decoding=\"async\" width=\"150\" height=\"150\" src=\"http:\/\/luebecker-bucht-lokal.de\/ostseelauf\/wp-content\/uploads\/2017\/10\/Bericht-2015-Bild-04-150x150.jpg\" class=\"attachment-thumbnail size-thumbnail\" alt=\"\" aria-describedby=\"gallery-1-1598\" \/><\/a>\n\t\t\t<\/div>\n\t\t\t\t<figcaption class='wp-caption-text gallery-caption' id='gallery-1-1598'>\n\t\t\t\tSimon M\u00fcller vom Tri-Sport L\u00fcbeck\n\t\t\t\t<\/figcaption><\/figure><figure class='gallery-item'>\n\t\t\t<div class='gallery-icon portrait'>\n\t\t\t\t<a href='http:\/\/luebecker-bucht-lokal.de\/ostseelauf\/2017\/10\/01\/sparkassen-ostseelauf-timmendorfer-strand-2015\/bericht-2015-bild-05\/'><img loading=\"lazy\" decoding=\"async\" width=\"150\" height=\"150\" src=\"http:\/\/luebecker-bucht-lokal.de\/ostseelauf\/wp-content\/uploads\/2017\/10\/Bericht-2015-Bild-05-150x150.jpg\" class=\"attachment-thumbnail size-thumbnail\" alt=\"\" aria-describedby=\"gallery-1-1599\" \/><\/a>\n\t\t\t<\/div>\n\t\t\t\t<figcaption class='wp-caption-text gallery-caption' id='gallery-1-1599'>\n\t\t\t\tNatalie Jachmann von der LG Flensburg\n\t\t\t\t<\/figcaption><\/figure><figure class='gallery-item'>\n\t\t\t<div class='gallery-icon portrait'>\n\t\t\t\t<a href='http:\/\/luebecker-bucht-lokal.de\/ostseelauf\/2017\/10\/01\/sparkassen-ostseelauf-timmendorfer-strand-2015\/bericht-2015-bild-06\/'><img loading=\"lazy\" decoding=\"async\" width=\"150\" height=\"150\" src=\"http:\/\/luebecker-bucht-lokal.de\/ostseelauf\/wp-content\/uploads\/2017\/10\/Bericht-2015-Bild-06-150x150.jpg\" class=\"attachment-thumbnail size-thumbnail\" alt=\"\" aria-describedby=\"gallery-1-1600\" \/><\/a>\n\t\t\t<\/div>\n\t\t\t\t<figcaption class='wp-caption-text gallery-caption' id='gallery-1-1600'>\n\t\t\t\tIm Ziel mit neuem Streckenrekord\n\t\t\t\t<\/figcaption><\/figure><figure class='gallery-item'>\n\t\t\t<div class='gallery-icon portrait'>\n\t\t\t\t<a href='http:\/\/luebecker-bucht-lokal.de\/ostseelauf\/2017\/10\/01\/sparkassen-ostseelauf-timmendorfer-strand-2015\/bericht-2015-bild-07\/'><img loading=\"lazy\" decoding=\"async\" width=\"150\" height=\"150\" src=\"http:\/\/luebecker-bucht-lokal.de\/ostseelauf\/wp-content\/uploads\/2017\/10\/Bericht-2015-Bild-07-150x150.jpg\" class=\"attachment-thumbnail size-thumbnail\" alt=\"\" aria-describedby=\"gallery-1-1601\" \/><\/a>\n\t\t\t<\/div>\n\t\t\t\t<figcaption class='wp-caption-text gallery-caption' id='gallery-1-1601'>\n\t\t\t\tSiegerin Natalie Jachmann im Ziel\n\t\t\t\t<\/figcaption><\/figure>\n\t\t<\/div>\n\n<h3>Gesamtsieger-Siegerehrung\u00a010-km-Lauf<\/h3>\n<p><img loading=\"lazy\" decoding=\"async\" class=\"size-medium wp-image-1603 alignleft\" src=\"http:\/\/luebecker-bucht-lokal.de\/ostseelauf\/wp-content\/uploads\/2017\/10\/Bericht-2015-Bild-09-300x200.jpg\" alt=\"\" width=\"300\" height=\"200\" srcset=\"http:\/\/luebecker-bucht-lokal.de\/ostseelauf\/wp-content\/uploads\/2017\/10\/Bericht-2015-Bild-09-300x200.jpg 300w, http:\/\/luebecker-bucht-lokal.de\/ostseelauf\/wp-content\/uploads\/2017\/10\/Bericht-2015-Bild-09.jpg 700w\" sizes=\"auto, (max-width: 300px) 100vw, 300px\" \/><strong>Gesamtsieger-M\u00e4nner\u00a0<\/strong><\/p>\n<p>1. Platz in 00:31:32 <strong>Pascal Detlefs<\/strong>, SG Athletico B\u00fcdelsdorf<br \/>\n2. Platz in 00:32:59 <strong>Vilmos Tomaschewski<\/strong>, SG Athletico B\u00fcdelsdorf<br \/>\n3. Platz in 00:35:31 <strong>Simon M\u00fcller<\/strong>, Tri-Sport L\u00fcbeck<\/p>\n<p><strong>Gesamtsiegerinnen-Frauen<\/strong><\/p>\n<p>1. Platz in 00:37:53 <strong>Natali Jachmann<\/strong>, LG Flensburg<br \/>\n2. Platz in 00:41:25 <strong>Corinna Beck<\/strong>, STG TSV Kronshagen\/Kieler TB<br \/>\n3. Platz in 00:41:35 <strong>Mareen Hilgendorf<\/strong>, August-Bier-Klinik<\/p>\n<h3>Mannschaft-Siegerehrung<\/h3>\n<p><img loading=\"lazy\" decoding=\"async\" class=\"size-medium wp-image-1602 alignleft\" src=\"http:\/\/luebecker-bucht-lokal.de\/ostseelauf\/wp-content\/uploads\/2017\/10\/Bericht-2015-Bild-08-300x225.jpg\" alt=\"\" width=\"300\" height=\"225\" srcset=\"http:\/\/luebecker-bucht-lokal.de\/ostseelauf\/wp-content\/uploads\/2017\/10\/Bericht-2015-Bild-08-300x225.jpg 300w, http:\/\/luebecker-bucht-lokal.de\/ostseelauf\/wp-content\/uploads\/2017\/10\/Bericht-2015-Bild-08.jpg 700w\" sizes=\"auto, (max-width: 300px) 100vw, 300px\" \/><strong>M\u00e4nner und Frauen mit Volker-Popp-Pokale im 10-km-Lauf<\/strong><\/p>\n<p><strong>Mannschaften-M\u00e4nner<\/strong><\/p>\n<p>1. Platz in 01:47:00 <strong>Tri-Sport L\u00fcbeck<\/strong> mit Simon M\u00fcller, Daniel Tomann, Sven Schardin<br \/>\n2. Platz in 01:57:09 <strong>M\u00f6llner SV<\/strong> mit Matthias Petersdorf, Matthias Quandt, Michael K\u00fchne<br \/>\n3. Platz in 02:03:06 <strong>Tri-Sport L\u00fcbeck<\/strong> mit Hans Zwirnmann, Jannis Jaschik, Olaf Seegers<\/p>\n<p><strong>Mannschaften-Frauen<\/strong><\/p>\n<p>1. Platz in 02:18:04 <strong>M\u00f6llner SV<\/strong> mit Annette Paap, Sandra K\u00fchn, Nadja Bruns<br \/>\n2. Platz in 02:25:49 <strong>Spiridon-Club Bad Oldesloe<\/strong> mit Kathrin Perrone, Ulrike Gelhausen, Johanna Ira Blase<br \/>\n3. Platz in 02:28:11 <strong>LG Uni L\u00fcbeck<\/strong> mit Renate Meier, Christina Prehm, Birgit Reinicke<\/p>\n<p>&nbsp;<\/p>\n<h3>5-km-Lauf<\/h3>\n<p><img loading=\"lazy\" decoding=\"async\" class=\"size-medium wp-image-1604 alignleft\" src=\"http:\/\/luebecker-bucht-lokal.de\/ostseelauf\/wp-content\/uploads\/2017\/10\/Bericht-2015-Bild-10-300x200.jpg\" alt=\"\" width=\"300\" height=\"200\" srcset=\"http:\/\/luebecker-bucht-lokal.de\/ostseelauf\/wp-content\/uploads\/2017\/10\/Bericht-2015-Bild-10-300x200.jpg 300w, http:\/\/luebecker-bucht-lokal.de\/ostseelauf\/wp-content\/uploads\/2017\/10\/Bericht-2015-Bild-10.jpg 700w\" sizes=\"auto, (max-width: 300px) 100vw, 300px\" \/>Start 5-km-Lauf in Richtung Niendorf. Dann ist die Ostsee links von der Laufstrecke.<br \/>\nDer 5-km-Lauf mit 261 Startern war wieder, wie schon im letzten Jahr, mit Topleuten besetzt. Es waren auch mehrere Schulen mit vielen Sch\u00fclern gemeldet. Bei den Frauen hatte Johanna Schulz vom SC R\u00f6nnau gemeldet und galt als Favoritin. Sie siegte dann ja auch in 00:18:03 vor der Zweitplatzierten Martina G\u00fcnter in 00:20:06. Dritte wurde Anke Lakies vom VFL Oldesloe in 00:20:26 , die bei diesem Lauf auch ein tolles Mountain-Bike vom Sponsor Fahrrad-Hesse gewonnen hatte. Auch ein Team der Tourismus GmbH (TSNT) ging an den Start. Bei den M\u00e4nnern war es spannender. Zwischen 1. Platz und 3. Platz lagen nur 13 Sekunden.<\/p>\n<h3>Gesamtsieger im 5-km-Lauf<\/h3>\n<h3><img loading=\"lazy\" decoding=\"async\" class=\"size-medium wp-image-1605 alignleft\" src=\"http:\/\/luebecker-bucht-lokal.de\/ostseelauf\/wp-content\/uploads\/2017\/10\/Bericht-2015-Bild-11-300x200.jpg\" alt=\"\" width=\"300\" height=\"200\" srcset=\"http:\/\/luebecker-bucht-lokal.de\/ostseelauf\/wp-content\/uploads\/2017\/10\/Bericht-2015-Bild-11-300x200.jpg 300w, http:\/\/luebecker-bucht-lokal.de\/ostseelauf\/wp-content\/uploads\/2017\/10\/Bericht-2015-Bild-11.jpg 700w\" sizes=\"auto, (max-width: 300px) 100vw, 300px\" \/><\/h3>\n<p>Christoph Baran, GJK SC Polonia in 00:17:47<\/p>\n<p>&nbsp;<\/p>\n<h3>Kampf um den 2. Platz<\/h3>\n<p><img loading=\"lazy\" decoding=\"async\" class=\"size-medium wp-image-1606 alignleft\" src=\"http:\/\/luebecker-bucht-lokal.de\/ostseelauf\/wp-content\/uploads\/2017\/10\/Bericht-2015-Bild-12-300x200.jpg\" alt=\"\" width=\"300\" height=\"200\" srcset=\"http:\/\/luebecker-bucht-lokal.de\/ostseelauf\/wp-content\/uploads\/2017\/10\/Bericht-2015-Bild-12-300x200.jpg 300w, http:\/\/luebecker-bucht-lokal.de\/ostseelauf\/wp-content\/uploads\/2017\/10\/Bericht-2015-Bild-12.jpg 700w\" sizes=\"auto, (max-width: 300px) 100vw, 300px\" \/>Alexander Kelsch, TSV Neustadt (652) in 00:17:59 vor Dirk Peters, running-athlete.com (1034) in 00:18:01<\/p>\n<p><strong>Gesamtsieger 5-km-Lauf\u00a0<\/strong><\/p>\n<p>1. Platz in 00:17:47 <strong>Christoph Baran<\/strong>, GJK SC Polonia<br \/>\n2. Platz in 00:17:59 <strong>Alexander Kelsch<\/strong>, TSV Neustadt<br \/>\n3. Platz in 00:18:01 <strong>Dirk Peters<\/strong>, running-athlete.com<\/p>\n<p><strong>Gesamtsiegerinnen 5-km-Lauf\u00a0<\/strong><\/p>\n<p>1. Platz in 00:18:03 <strong>Johanna Christine Schulz<\/strong>, R\u00f6nnau 74<br \/>\n2. Platz in 00:20:06 <strong>Martina G\u00fcnther<\/strong>, Hannover 96<br \/>\n3. Platz in 00:20:26 <strong>Anke Lakies<\/strong>, Vfl Oldesloe<\/p>\n<p>&nbsp;<\/p>\n<h3>HALBMARATHON<\/h3>\n<p><img loading=\"lazy\" decoding=\"async\" class=\"size-medium wp-image-1607 alignleft\" src=\"http:\/\/luebecker-bucht-lokal.de\/ostseelauf\/wp-content\/uploads\/2017\/10\/Bericht-2015-Bild-13-300x200.jpg\" alt=\"\" width=\"300\" height=\"200\" srcset=\"http:\/\/luebecker-bucht-lokal.de\/ostseelauf\/wp-content\/uploads\/2017\/10\/Bericht-2015-Bild-13-300x200.jpg 300w, http:\/\/luebecker-bucht-lokal.de\/ostseelauf\/wp-content\/uploads\/2017\/10\/Bericht-2015-Bild-13.jpg 700w\" sizes=\"auto, (max-width: 300px) 100vw, 300px\" \/>Nur Zehn Minuten nach dem 5-km-Start sind die Halbmarathonl\u00e4ufer dran. Start Halbmarathon in Richtung Scharbeutz, dann ist die Ostsee rechts von der Strecke.<br \/>\nDer Halbmarathon wird auf der 10-km-Strecke gelaufen. Sie laufen die 10-km-Strecke zweimal und in der zweiten Runde noch die fehlenden 1,1 Kilometer zus\u00e4tzlich. Vom Start bis nach Scharbeutz zum Wendepunkt und wieder hier an der Seebr\u00fccke vorbei bis nach Niendorf. Dort \u00fcber den Wendepunkt zur\u00fcck ins Ziel. Auf dieser Strecke gibt es ja alle 2,5 Kilometer Getr\u00e4nkestellen und auch 6 gro\u00dfe Toilettenh\u00e4user. Gelaufen wird immer auf der Promenade direkt an der Ostsee entlang.<br \/>\n<img loading=\"lazy\" decoding=\"async\" class=\"alignnone size-medium wp-image-1608 alignleft\" src=\"http:\/\/luebecker-bucht-lokal.de\/ostseelauf\/wp-content\/uploads\/2017\/10\/Bericht-2015-Bild-14-300x200.jpg\" alt=\"\" width=\"300\" height=\"200\" srcset=\"http:\/\/luebecker-bucht-lokal.de\/ostseelauf\/wp-content\/uploads\/2017\/10\/Bericht-2015-Bild-14-300x200.jpg 300w, http:\/\/luebecker-bucht-lokal.de\/ostseelauf\/wp-content\/uploads\/2017\/10\/Bericht-2015-Bild-14.jpg 700w\" sizes=\"auto, (max-width: 300px) 100vw, 300px\" \/><strong>Am Start ist auch der Sieger vom L\u00fcbeck-Marathon 2014 Markus Mey von Peters Sportteam<\/strong>.<\/p>\n<p>Die Spitzengruppe bei der Seebr\u00fccke noch dicht zusammen.1414 Jan Stelzer, Tri-Sport L\u00fcbeck, 181 Jannik Christ, LG-Uni L\u00fcbeck901 Markus Mey, Peters Sportteam<\/p>\n<p>&nbsp;<\/p>\n<div id='gallery-2' class='gallery galleryid-1593 gallery-columns-3 gallery-size-thumbnail'><figure class='gallery-item'>\n\t\t\t<div class='gallery-icon portrait'>\n\t\t\t\t<a href='http:\/\/luebecker-bucht-lokal.de\/ostseelauf\/2017\/10\/01\/sparkassen-ostseelauf-timmendorfer-strand-2015\/bericht-2015-bild-15\/'><img loading=\"lazy\" decoding=\"async\" width=\"150\" height=\"150\" src=\"http:\/\/luebecker-bucht-lokal.de\/ostseelauf\/wp-content\/uploads\/2017\/10\/Bericht-2015-Bild-15-150x150.jpg\" class=\"attachment-thumbnail size-thumbnail\" alt=\"\" aria-describedby=\"gallery-2-1609\" \/><\/a>\n\t\t\t<\/div>\n\t\t\t\t<figcaption class='wp-caption-text gallery-caption' id='gallery-2-1609'>\n\t\t\t\tErste Frau: Manuela Sporleder, AG Hamburg West f\u00fchrt bei der Seebr\u00fccke\n\t\t\t\t<\/figcaption><\/figure><figure class='gallery-item'>\n\t\t\t<div class='gallery-icon portrait'>\n\t\t\t\t<a href='http:\/\/luebecker-bucht-lokal.de\/ostseelauf\/2017\/10\/01\/sparkassen-ostseelauf-timmendorfer-strand-2015\/bericht-2015-bild-16\/'><img loading=\"lazy\" decoding=\"async\" width=\"150\" height=\"150\" src=\"http:\/\/luebecker-bucht-lokal.de\/ostseelauf\/wp-content\/uploads\/2017\/10\/Bericht-2015-Bild-16-150x150.jpg\" class=\"attachment-thumbnail size-thumbnail\" alt=\"\" aria-describedby=\"gallery-2-1610\" \/><\/a>\n\t\t\t<\/div>\n\t\t\t\t<figcaption class='wp-caption-text gallery-caption' id='gallery-2-1610'>\n\t\t\t\tZweite Frau: Marion Halbreiter, LG-Uni L\u00fcbeck.\n\t\t\t\t<\/figcaption><\/figure><figure class='gallery-item'>\n\t\t\t<div class='gallery-icon portrait'>\n\t\t\t\t<a href='http:\/\/luebecker-bucht-lokal.de\/ostseelauf\/2017\/10\/01\/sparkassen-ostseelauf-timmendorfer-strand-2015\/bericht-2015-bild-17\/'><img loading=\"lazy\" decoding=\"async\" width=\"150\" height=\"150\" src=\"http:\/\/luebecker-bucht-lokal.de\/ostseelauf\/wp-content\/uploads\/2017\/10\/Bericht-2015-Bild-17-150x150.jpg\" class=\"attachment-thumbnail size-thumbnail\" alt=\"\" aria-describedby=\"gallery-2-1611\" \/><\/a>\n\t\t\t<\/div>\n\t\t\t\t<figcaption class='wp-caption-text gallery-caption' id='gallery-2-1611'>\n\t\t\t\tErster Mann: Markus Mey, Peters Sportteam gewinnt in 01:14:32\n\t\t\t\t<\/figcaption><\/figure>\n\t\t<\/div>\n\n<h3>Gesamtsieger-Siegerehrung Halbmarathon<\/h3>\n<p><img loading=\"lazy\" decoding=\"async\" class=\"size-medium wp-image-1612 alignleft\" src=\"http:\/\/luebecker-bucht-lokal.de\/ostseelauf\/wp-content\/uploads\/2017\/10\/Bericht-2015-Bild-18-300x231.jpg\" alt=\"\" width=\"300\" height=\"231\" srcset=\"http:\/\/luebecker-bucht-lokal.de\/ostseelauf\/wp-content\/uploads\/2017\/10\/Bericht-2015-Bild-18-300x231.jpg 300w, http:\/\/luebecker-bucht-lokal.de\/ostseelauf\/wp-content\/uploads\/2017\/10\/Bericht-2015-Bild-18.jpg 700w\" sizes=\"auto, (max-width: 300px) 100vw, 300px\" \/><strong>Gesamtsieger-M\u00e4nner\u00a0<\/strong><\/p>\n<p>1. Platz in 01:14:32 <strong>Markus Mey<\/strong>, Peters Sportteam<br \/>\n2. Platz in 01:14:39 <strong>Jan Stelzner<\/strong>, Tri-Sport L\u00fcbeck<br \/>\n3. Platz in 01:16:05 <strong>Jannik Christ<\/strong>, LG Uni-L\u00fcbeck<\/p>\n<p><strong>Gesamtsiegerinnen-Frauen<\/strong><\/p>\n<p>1. Platz in 01:27:59 <strong>Manuela Sporleder<\/strong>, LG Hamburg West<br \/>\n2. Platz in 01:29:24 <strong>Marion Halbreiter<\/strong>, LG Uni-L\u00fcbeck<br \/>\n3. Platz in 01:30:32 <strong>Bettina Strehl<\/strong>, MC Pirate<\/p>\n<p>&nbsp;<\/p>\n<h3>Gesamtsieger Halbmarathon auf der Seebr\u00fccke<\/h3>\n<p><img loading=\"lazy\" decoding=\"async\" class=\"size-medium wp-image-1613 alignleft\" src=\"http:\/\/luebecker-bucht-lokal.de\/ostseelauf\/wp-content\/uploads\/2017\/10\/Bericht-2015-Bild-19-300x200.jpg\" alt=\"\" width=\"300\" height=\"200\" srcset=\"http:\/\/luebecker-bucht-lokal.de\/ostseelauf\/wp-content\/uploads\/2017\/10\/Bericht-2015-Bild-19-300x200.jpg 300w, http:\/\/luebecker-bucht-lokal.de\/ostseelauf\/wp-content\/uploads\/2017\/10\/Bericht-2015-Bild-19.jpg 700w\" sizes=\"auto, (max-width: 300px) 100vw, 300px\" \/>Ich warte noch auf ein Foto von der Mannschafts-Siegerehrung mit Volker-Popp-Pokal.<\/p>\n<p><strong>Mannschaften-M\u00e4nner\u00a0<\/strong><\/p>\n<p>1. Platz in 03:53:01 <strong>LG Uni-L\u00fcbeck<\/strong> mit Jannik Christ, Lennart Weckeck, Richard Mitz<br \/>\n2. Platz in 03:53:49 <strong>Tri-Sport L\u00fcbeck<\/strong> mit Jan Stelzner, Michael Thiel, Alexander Giesen<br \/>\n3. Platz in 04:14:30 <strong>LG Uni-L\u00fcbeck<\/strong> mit Christoph Otte, Leef Dierks, Ren\u00e9 Martini<\/p>\n<p><strong>Mannschaften-Frauen\u00a0<\/strong><\/p>\n<p>1. Platz in 04:43:24 <strong>LG Uni L\u00fcbeck<\/strong> mit Marion Halbreiter, Steffi Kattge, B\u00e4rbel Eichhorn-Schunk<br \/>\n2. Platz in 05:39:35 <strong>Dodenhof runs Europe Riga<\/strong> mit Kistin Sommer, Angela Zahrndt, Bianca Schimrock<br \/>\n3. Platz in 06:02:07 <strong>ATSV Stockelsdorf<\/strong> mit Petra Peters, Angela Kupsch, Evelyn Wachtel<\/p>\n<p>&nbsp;<\/p>\n<h3>NORDIC-WALKING<\/h3>\n<p><img loading=\"lazy\" decoding=\"async\" class=\"size-medium wp-image-1614 alignleft\" src=\"http:\/\/luebecker-bucht-lokal.de\/ostseelauf\/wp-content\/uploads\/2017\/10\/Bericht-2015-Bild-20-300x200.jpg\" alt=\"\" width=\"300\" height=\"200\" srcset=\"http:\/\/luebecker-bucht-lokal.de\/ostseelauf\/wp-content\/uploads\/2017\/10\/Bericht-2015-Bild-20-300x200.jpg 300w, http:\/\/luebecker-bucht-lokal.de\/ostseelauf\/wp-content\/uploads\/2017\/10\/Bericht-2015-Bild-20.jpg 700w\" sizes=\"auto, (max-width: 300px) 100vw, 300px\" \/>Start Nordic-Walking \u00fcber 5 Kilometer in Richtung Niendorf<br \/>\nDie Nordic-Walker geh\u00f6ren nun schon seit sechs Jahren zum Ostseelauf. Auf der wundersch\u00f6nen Strecke entlang der Ostsee zu walken, wird immer beliebter. Laut Ausschreibung k\u00f6nnen nur Nordic-Walker teilnehmen.Die schnellsten drei M\u00e4nner und schnellsten drei Frauen wurden mit Seepferchen-Pokalen geehrt.<\/p>\n<p>&nbsp;<\/p>\n<h3>RWE-Seepferdchenlauf \u00fcber eine Seemeile (1852 m)<\/h3>\n<p><img loading=\"lazy\" decoding=\"async\" class=\"size-medium wp-image-1615 alignleft\" src=\"http:\/\/luebecker-bucht-lokal.de\/ostseelauf\/wp-content\/uploads\/2017\/10\/Bericht-2015-Bild-21-300x200.jpg\" alt=\"\" width=\"300\" height=\"200\" srcset=\"http:\/\/luebecker-bucht-lokal.de\/ostseelauf\/wp-content\/uploads\/2017\/10\/Bericht-2015-Bild-21-300x200.jpg 300w, http:\/\/luebecker-bucht-lokal.de\/ostseelauf\/wp-content\/uploads\/2017\/10\/Bericht-2015-Bild-21.jpg 700w\" sizes=\"auto, (max-width: 300px) 100vw, 300px\" \/><\/p>\n<p>Kurz vor dem Start RWE-Seepferdchenlauf mit Maskottchen &#8222;Kalle&#8220;<\/p>\n<h3>Jetzt geht es los!<\/h3>\n<p><img loading=\"lazy\" decoding=\"async\" class=\"alignnone size-medium wp-image-1616 alignleft\" src=\"http:\/\/luebecker-bucht-lokal.de\/ostseelauf\/wp-content\/uploads\/2017\/10\/Bericht-2015-Bild-22-300x200.jpg\" alt=\"\" width=\"300\" height=\"200\" srcset=\"http:\/\/luebecker-bucht-lokal.de\/ostseelauf\/wp-content\/uploads\/2017\/10\/Bericht-2015-Bild-22-300x200.jpg 300w, http:\/\/luebecker-bucht-lokal.de\/ostseelauf\/wp-content\/uploads\/2017\/10\/Bericht-2015-Bild-22.jpg 700w\" sizes=\"auto, (max-width: 300px) 100vw, 300px\" \/><\/p>\n<p><strong>1852 Meter RWE-Seepferdchenlauf<\/strong><\/p>\n<p>Zum Schluss startet der Seepferdchenlauf \u00fcber eine Seemeile von der Seebr\u00fccke bis zum Hotel Seeschl\u00f6sschen und zur\u00fcck. Mit zwei Motorr\u00e4dern mit Blaulicht und Martinshorn vorweg bis ins Ziel. Jeder bekommt eine Medaille um den Hals geh\u00e4ngt, einen Eisgutschein von der &#8222;Eisdiele Tonegutti&#8220; und von RWE eine Brotdose mit \u00dcberraschungsinhalt. Anschlie\u00dfend gibt es eine gro\u00dfe Siegerehrung auf der gro\u00dfen B\u00fchne bei der Seebr\u00fccke mit RWE-Maskottchen &#8222;Kalle&#8220;. Dort werden die Altersklassen-Sieger und Siegerinnen in den Pl\u00e4tzen 1. bis 3. mit Medaillen in Gold, Silber und Bronze geehrt. Alle Siegerehrungs-Teilnehmer bekamen auch noch Gutscheine vom &#8222;Karls Erdbeerhof&#8220;.<\/p>\n<h3><\/h3>\n<h3>DANKE<\/h3>\n<p><img loading=\"lazy\" decoding=\"async\" class=\"size-medium wp-image-1617 alignleft\" src=\"http:\/\/luebecker-bucht-lokal.de\/ostseelauf\/wp-content\/uploads\/2017\/10\/Bericht-2015-Bild-23-300x200.jpg\" alt=\"\" width=\"300\" height=\"200\" srcset=\"http:\/\/luebecker-bucht-lokal.de\/ostseelauf\/wp-content\/uploads\/2017\/10\/Bericht-2015-Bild-23-300x200.jpg 300w, http:\/\/luebecker-bucht-lokal.de\/ostseelauf\/wp-content\/uploads\/2017\/10\/Bericht-2015-Bild-23.jpg 700w\" sizes=\"auto, (max-width: 300px) 100vw, 300px\" \/><strong>In diesem Jahr ein Dank an unsere Malteser Timmendorfer Strand<\/strong><\/p>\n<p>Alle Srecken wurden von den Teilnehmern ohne Zwischzef\u00e4lle und gesundheitlichen Problemen bew\u00e4ltigt. Dann freut man sich, wenn alles so gut geklappt hat. Wenn dann auch noch der Wettergott mitspielt und die Sportler so tolle Zeiten und spannende Wettk\u00e4mpfe zeigen, dann kann man von einer gelungenen Veranstaltung sprechen. Ein Dank an alle, die mir nach der Veranstaltung so viele positive Emails gesendet haben.\u00a0Das macht uns ein wenig stolz ist aber auch gleichzeitig Ansporn den Lauf weiterhin auf diesem Niveau durchzuf\u00fchren.\u00a0Auch die Helfer sind froh, dass sie es mal wieder geschafft haben. Ein gro\u00dfer Dank den 150 eingesetzten Helfern. Aber auch ein Dankesch\u00f6n an unsere Sponsoren. Ohne sie, w\u00fcrde es den Sparkassen-Ostseelauf nicht mehr geben.\u00a0Dank an die Hauptsponsoren, der Sparkasse Holstein, der RWE AG und der Janz AG. Aber auch die vielen anderen Sponsoren, die uns unterst\u00fctzen, m\u00fcssten alle genannt werden. Nur ein paar Beispiele: Ich denke an das Fahrrad von der Fa. Hesse, welches beim 5-km-Lauf verlost wurde, oder die Getr\u00e4nke von der Wittenseer Quelle. Die Erdinger Brauerei kommt extra aus M\u00fcnchen und Famila spendet Getr\u00e4nkep\u00e4ckchen und Bananen und \u00c4pfel. Vom CITTI-Park mit Intersport Profimarkt und der ZVO werden wir unterst\u00fctzt, wobei die ZVO auch noch zwei Wasserst\u00e4nde auf der Strecke betreibt. Karls Erlebnishof spendet Gutscheine f\u00fcr die Siegerehrung im Seepferdchenlauf. Eine \u00dcbersicht finden sie auf unserer Homepage unter Sponsoren.\u00a0Dank auch meinen beiden Partnern im O-Team: Sabine Bremeyer und Peter Danzeglocke.<\/p>\n<p><strong>Rolf Glagau<\/strong><br \/>\nFotos von Thore J\u00fcrgensen und Andreas Block<\/p>\n","protected":false},"excerpt":{"rendered":"<p>Neuer Rekord mit 1722 Meldungen Unsere Streckenrekorde von 2008 bis 2015 Strecke-M\u00e4nner,\u00a0Zeit,\u00a0Name,\u00a0Verein 5-km Lauf:\u00a015:46 Minuten,\u00a0Tobias Melnyk,\u00a0M\u00f6llner SV 10-km Lauf:\u00a0NEU 2015\u00a031:32 Minuten,\u00a0Pascal Detlefs,\u00a0SC Athletico B\u00fcdelsdorf Halbmarathon: 1:12:36 Stunden, Dennis Mehlfeld, L\u00fcbecker &#8230;<\/p>\n","protected":false},"author":1,"featured_media":1615,"comment_status":"closed","ping_status":"closed","sticky":false,"template":"","format":"standard","meta":{"footnotes":""},"categories":[1],"tags":[],"class_list":["post-1593","post","type-post","status-publish","format-standard","has-post-thumbnail","hentry","category-allgemein"],"_links":{"self":[{"href":"http:\/\/luebecker-bucht-lokal.de\/ostseelauf\/wp-json\/wp\/v2\/posts\/1593","targetHints":{"allow":["GET"]}}],"collection":[{"href":"http:\/\/luebecker-bucht-lokal.de\/ostseelauf\/wp-json\/wp\/v2\/posts"}],"about":[{"href":"http:\/\/luebecker-bucht-lokal.de\/ostseelauf\/wp-json\/wp\/v2\/types\/post"}],"author":[{"embeddable":true,"href":"http:\/\/luebecker-bucht-lokal.de\/ostseelauf\/wp-json\/wp\/v2\/users\/1"}],"replies":[{"embeddable":true,"href":"http:\/\/luebecker-bucht-lokal.de\/ostseelauf\/wp-json\/wp\/v2\/comments?post=1593"}],"version-history":[{"count":6,"href":"http:\/\/luebecker-bucht-lokal.de\/ostseelauf\/wp-json\/wp\/v2\/posts\/1593\/revisions"}],"predecessor-version":[{"id":1623,"href":"http:\/\/luebecker-bucht-lokal.de\/ostseelauf\/wp-json\/wp\/v2\/posts\/1593\/revisions\/1623"}],"wp:featuredmedia":[{"embeddable":true,"href":"http:\/\/luebecker-bucht-lokal.de\/ostseelauf\/wp-json\/wp\/v2\/media\/1615"}],"wp:attachment":[{"href":"http:\/\/luebecker-bucht-lokal.de\/ostseelauf\/wp-json\/wp\/v2\/media?parent=1593"}],"wp:term":[{"taxonomy":"category","embeddable":true,"href":"http:\/\/luebecker-bucht-lokal.de\/ostseelauf\/wp-json\/wp\/v2\/categories?post=1593"},{"taxonomy":"post_tag","embeddable":true,"href":"http:\/\/luebecker-bucht-lokal.de\/ostseelauf\/wp-json\/wp\/v2\/tags?post=1593"}],"curies":[{"name":"wp","href":"https:\/\/api.w.org\/{rel}","templated":true}]}}