{"id":1564,"date":"2017-10-01T15:30:55","date_gmt":"2017-10-01T13:30:55","guid":{"rendered":"http:\/\/luebecker-bucht-lokal.de\/ostseelauf\/?p=1564"},"modified":"2017-10-01T19:56:12","modified_gmt":"2017-10-01T17:56:12","slug":"sparkassen-ostseelauf-timmendorfer-strand-2014","status":"publish","type":"post","link":"http:\/\/luebecker-bucht-lokal.de\/ostseelauf\/2017\/10\/01\/sparkassen-ostseelauf-timmendorfer-strand-2014\/","title":{"rendered":"Sparkassen-Ostseelauf Timmendorfer Strand 2014"},"content":{"rendered":"<h3>Neuer Rekord mit 1677 Meldungen<\/h3>\n<p>Um 9:00 Uhr geht es mit dem Sparkassen-Ostseelauf \u00fcber 10 Kilometer los.<\/p>\n<p><img loading=\"lazy\" decoding=\"async\" class=\"size-medium wp-image-1566 alignleft\" src=\"http:\/\/luebecker-bucht-lokal.de\/ostseelauf\/wp-content\/uploads\/2017\/10\/Bericht-2014-01-300x231.jpg\" alt=\"\" width=\"300\" height=\"231\" srcset=\"http:\/\/luebecker-bucht-lokal.de\/ostseelauf\/wp-content\/uploads\/2017\/10\/Bericht-2014-01-300x231.jpg 300w, http:\/\/luebecker-bucht-lokal.de\/ostseelauf\/wp-content\/uploads\/2017\/10\/Bericht-2014-01.jpg 700w\" sizes=\"auto, (max-width: 300px) 100vw, 300px\" \/><\/p>\n<p><strong>Start zum 10-km-Lauf bei gutem Laufwetter in Richtung Scharbeutz<\/strong><br \/>\nEtwas k\u00fchl beim Start, aber sonst gute Lauftemperaturen. Auf der Strecke, immer an der Ostsee entlang, machte an einigen Stellen der Wind Probleme. Einhellige Meinungen: &#8222;Ohne Wind w\u00e4ren wir ein Minute schneller gewesen.&#8220; Vom Start weg haben sich gleich drei Favoriten abgesetzt. Der Vorjahressieger Philip Champignon vom TSV Kirchdorf wollte in diesem Jahr seine 31:46 Zeit aus dem Vorjahr verbessern, und \u00fcbernahm die F\u00fchrungsarbeit. Gefolgt von Pascal Detlefs vom SC Athletico B\u00fcdelsdorf, der in seinem Windschatten lief. Dennis Mehlfeld vom L\u00fcbecker SC, unser Lokalmatador aus L\u00fcbeck, war der Dritte, der sich Hoffnungen auf den Gesamtsieg machen konnte. Dennis hatte ja schon mal beim Sparkassen-Ostseelauf gewonnen. Nach f\u00fcnf Kilometern, als die Spitze wieder an der Seebr\u00fccke vorbei kam, war Philip Champignon immer noch vor Pascal Detlefs. Es war ein sehr hohes Tempo und Dennis Mehlfeld musste abrei\u00dfen lassen. Es blieb bei dem Zweikampf der beiden F\u00fchrenden bis kurz vor dem Ziel. Auf den letzten 200 Metern kam Pascal aus dem Windschatten heraus und siegte im Zielspurt in einer Zeit von 32:11 Minuten. Philip Champignon lief dann entt\u00e4uscht die letzten Meter ins Ziel und kam mit 32:26 Minuten auf Platz zwei. Dennis Malfeld wurde mit 33:17 Minuten Dritter, dicht gefolgt von Paul Muluve vom LBV Ph\u00f6nix L\u00fcbeck und Benjamin Erich vom Tri-Sport L\u00fcbeck, beide in 33:58 Minuten. Bei den Frauen blieb der harte Zweikampf aus. Natalie Jachmann von der LG Flensburg hatte gleich einen gro\u00dfen Vorsprung herausgelaufen und siegte in 39:06 Minuten vor ihrer Vereinskameradin Nathalie Fritzke, die in 41:15 Minuten ins Ziel kam. Dritte wurde Corinna Beck von der STG TSV Kronshagen\/Kieler TB in 42:33 Minuten.<\/p>\n<div id='gallery-1' class='gallery galleryid-1564 gallery-columns-3 gallery-size-thumbnail'><figure class='gallery-item'>\n\t\t\t<div class='gallery-icon portrait'>\n\t\t\t\t<a href='http:\/\/luebecker-bucht-lokal.de\/ostseelauf\/2017\/10\/01\/sparkassen-ostseelauf-timmendorfer-strand-2014\/bericht-2014-02\/'><img loading=\"lazy\" decoding=\"async\" width=\"150\" height=\"150\" src=\"http:\/\/luebecker-bucht-lokal.de\/ostseelauf\/wp-content\/uploads\/2017\/10\/Bericht-2014-02-150x150.jpg\" class=\"attachment-thumbnail size-thumbnail\" alt=\"\" aria-describedby=\"gallery-1-1567\" \/><\/a>\n\t\t\t<\/div>\n\t\t\t\t<figcaption class='wp-caption-text gallery-caption' id='gallery-1-1567'>\n\t\t\t\tZweikampf an der Spitze\n\t\t\t\t<\/figcaption><\/figure><figure class='gallery-item'>\n\t\t\t<div class='gallery-icon portrait'>\n\t\t\t\t<a href='http:\/\/luebecker-bucht-lokal.de\/ostseelauf\/2017\/10\/01\/sparkassen-ostseelauf-timmendorfer-strand-2014\/bericht-2014-03\/'><img loading=\"lazy\" decoding=\"async\" width=\"150\" height=\"150\" src=\"http:\/\/luebecker-bucht-lokal.de\/ostseelauf\/wp-content\/uploads\/2017\/10\/Bericht-2014-03-150x150.jpg\" class=\"attachment-thumbnail size-thumbnail\" alt=\"\" aria-describedby=\"gallery-1-1568\" \/><\/a>\n\t\t\t<\/div>\n\t\t\t\t<figcaption class='wp-caption-text gallery-caption' id='gallery-1-1568'>\n\t\t\t\tDennis Mehlfeld kurz dahinter\n\t\t\t\t<\/figcaption><\/figure><figure class='gallery-item'>\n\t\t\t<div class='gallery-icon portrait'>\n\t\t\t\t<a href='http:\/\/luebecker-bucht-lokal.de\/ostseelauf\/2017\/10\/01\/sparkassen-ostseelauf-timmendorfer-strand-2014\/bericht-2014-04\/'><img loading=\"lazy\" decoding=\"async\" width=\"150\" height=\"150\" src=\"http:\/\/luebecker-bucht-lokal.de\/ostseelauf\/wp-content\/uploads\/2017\/10\/Bericht-2014-04-150x150.jpg\" class=\"attachment-thumbnail size-thumbnail\" alt=\"\" aria-describedby=\"gallery-1-1569\" \/><\/a>\n\t\t\t<\/div>\n\t\t\t\t<figcaption class='wp-caption-text gallery-caption' id='gallery-1-1569'>\n\t\t\t\tVerfolgergruppe ab Platz vier\n\t\t\t\t<\/figcaption><\/figure><figure class='gallery-item'>\n\t\t\t<div class='gallery-icon portrait'>\n\t\t\t\t<a href='http:\/\/luebecker-bucht-lokal.de\/ostseelauf\/2017\/10\/01\/sparkassen-ostseelauf-timmendorfer-strand-2014\/bericht-2014-05\/'><img loading=\"lazy\" decoding=\"async\" width=\"150\" height=\"150\" src=\"http:\/\/luebecker-bucht-lokal.de\/ostseelauf\/wp-content\/uploads\/2017\/10\/Bericht-2014-05-150x150.jpg\" class=\"attachment-thumbnail size-thumbnail\" alt=\"\" aria-describedby=\"gallery-1-1570\" \/><\/a>\n\t\t\t<\/div>\n\t\t\t\t<figcaption class='wp-caption-text gallery-caption' id='gallery-1-1570'>\n\t\t\t\tSieger Pascal Detlefs\n\t\t\t\t<\/figcaption><\/figure><figure class='gallery-item'>\n\t\t\t<div class='gallery-icon portrait'>\n\t\t\t\t<a href='http:\/\/luebecker-bucht-lokal.de\/ostseelauf\/2017\/10\/01\/sparkassen-ostseelauf-timmendorfer-strand-2014\/bericht-2014-06\/'><img loading=\"lazy\" decoding=\"async\" width=\"150\" height=\"150\" src=\"http:\/\/luebecker-bucht-lokal.de\/ostseelauf\/wp-content\/uploads\/2017\/10\/Bericht-2014-06-150x150.jpg\" class=\"attachment-thumbnail size-thumbnail\" alt=\"\" aria-describedby=\"gallery-1-1571\" \/><\/a>\n\t\t\t<\/div>\n\t\t\t\t<figcaption class='wp-caption-text gallery-caption' id='gallery-1-1571'>\n\t\t\t\tPaul Muluve Platz vier &#8211; war ganz sch\u00f6n anstrengend\n\t\t\t\t<\/figcaption><\/figure><figure class='gallery-item'>\n\t\t\t<div class='gallery-icon portrait'>\n\t\t\t\t<a href='http:\/\/luebecker-bucht-lokal.de\/ostseelauf\/2017\/10\/01\/sparkassen-ostseelauf-timmendorfer-strand-2014\/bericht-2014-07\/'><img loading=\"lazy\" decoding=\"async\" width=\"150\" height=\"150\" src=\"http:\/\/luebecker-bucht-lokal.de\/ostseelauf\/wp-content\/uploads\/2017\/10\/Bericht-2014-07-150x150.jpg\" class=\"attachment-thumbnail size-thumbnail\" alt=\"\" aria-describedby=\"gallery-1-1572\" \/><\/a>\n\t\t\t<\/div>\n\t\t\t\t<figcaption class='wp-caption-text gallery-caption' id='gallery-1-1572'>\n\t\t\t\tSiegerin Natalie Jachmann im Ziel\n\t\t\t\t<\/figcaption><\/figure>\n\t\t<\/div>\n\n<h3>Siegerehrung\u00a010-km-Lauf<\/h3>\n<p><img loading=\"lazy\" decoding=\"async\" class=\"alignnone size-medium wp-image-1573 alignleft\" src=\"http:\/\/luebecker-bucht-lokal.de\/ostseelauf\/wp-content\/uploads\/2017\/10\/Bericht-2014-08-300x200.jpg\" alt=\"\" width=\"300\" height=\"200\" srcset=\"http:\/\/luebecker-bucht-lokal.de\/ostseelauf\/wp-content\/uploads\/2017\/10\/Bericht-2014-08-300x200.jpg 300w, http:\/\/luebecker-bucht-lokal.de\/ostseelauf\/wp-content\/uploads\/2017\/10\/Bericht-2014-08.jpg 700w\" sizes=\"auto, (max-width: 300px) 100vw, 300px\" \/>Pokale bei der Siegerehrung f\u00fcr die Gesamtsieger und Gesamtsiegerinnen im 10-km-Lauf.<\/p>\n<p>&nbsp;<\/p>\n<h3>Siegerpaar<\/h3>\n<p><img loading=\"lazy\" decoding=\"async\" class=\"size-medium wp-image-1574 alignleft\" src=\"http:\/\/luebecker-bucht-lokal.de\/ostseelauf\/wp-content\/uploads\/2017\/10\/Bericht-2014-09-300x200.jpg\" alt=\"\" width=\"300\" height=\"200\" srcset=\"http:\/\/luebecker-bucht-lokal.de\/ostseelauf\/wp-content\/uploads\/2017\/10\/Bericht-2014-09-300x200.jpg 300w, http:\/\/luebecker-bucht-lokal.de\/ostseelauf\/wp-content\/uploads\/2017\/10\/Bericht-2014-09.jpg 700w\" sizes=\"auto, (max-width: 300px) 100vw, 300px\" \/>Das Siegerpaar mit dem gro\u00dfen Seepferdchen-Pokal.<\/p>\n<h3><\/h3>\n<h3>5-km-Lauf<\/h3>\n<p><img loading=\"lazy\" decoding=\"async\" class=\"size-medium wp-image-1575 alignleft\" src=\"http:\/\/luebecker-bucht-lokal.de\/ostseelauf\/wp-content\/uploads\/2017\/10\/Bericht-2014-10-300x200.jpg\" alt=\"\" width=\"300\" height=\"200\" srcset=\"http:\/\/luebecker-bucht-lokal.de\/ostseelauf\/wp-content\/uploads\/2017\/10\/Bericht-2014-10-300x200.jpg 300w, http:\/\/luebecker-bucht-lokal.de\/ostseelauf\/wp-content\/uploads\/2017\/10\/Bericht-2014-10.jpg 700w\" sizes=\"auto, (max-width: 300px) 100vw, 300px\" \/>Start 5-km-Lauf in Richtung Niendorf. Dann ist die Ostsee links von der Laufstrecke.<br \/>\nDer 5-km-Lauf ist wieder, wie schon im letzten Jahr, fest in der Hand der Triathleten. Dieser Lauf wird auch im Two-Ju-Cup in Schleswig-Holstein gewertet. 306 Starter k\u00e4mpften um die Pl\u00e4tze. Auch ein Team der Tourismus GmbH (TSNT) ging geschlossen an den Start. Vom Start weg ging gleich die Post ab.<\/p>\n<h3>Siegerehrung 5-km-Lauf<\/h3>\n<p><img loading=\"lazy\" decoding=\"async\" class=\"size-medium wp-image-1576 alignleft\" src=\"http:\/\/luebecker-bucht-lokal.de\/ostseelauf\/wp-content\/uploads\/2017\/10\/Bericht-2014-11-300x281.jpg\" alt=\"\" width=\"300\" height=\"281\" srcset=\"http:\/\/luebecker-bucht-lokal.de\/ostseelauf\/wp-content\/uploads\/2017\/10\/Bericht-2014-11-300x281.jpg 300w, http:\/\/luebecker-bucht-lokal.de\/ostseelauf\/wp-content\/uploads\/2017\/10\/Bericht-2014-11.jpg 700w\" sizes=\"auto, (max-width: 300px) 100vw, 300px\" \/>Pokale bei der Siegerehrung f\u00fcr die Gesamtsieger und Gesamtsiegerinnen im 5-km-Lauf.<br \/>\n1. Platz in 15:56 <strong>Tobias Melnyk, M\u00f6llner SV<\/strong><br \/>\n2. Platz in 16:51 <strong>Florian Plambeck, TSV Bargteheide-TRI<\/strong><br \/>\n3. Platz in 16:55 <strong>Friedrich Hegge, Tri-Sport-L\u00fcbeck<\/strong><\/p>\n<p>1. Platz in 19:33 <strong>Leonie Sievers, Ahrensburger TSV<\/strong><br \/>\n2. Platz in 19:50 <strong>Stina Mick, TSV Bargteheide-TRI<\/strong><br \/>\n3. Platz in 19:51 <strong>Rike Kubillus,TSV Bargteheide-TRI<\/strong><\/p>\n<h3><\/h3>\n<h3>HALBMARATHON<\/h3>\n<p><img loading=\"lazy\" decoding=\"async\" class=\"size-medium wp-image-1578 alignleft\" src=\"http:\/\/luebecker-bucht-lokal.de\/ostseelauf\/wp-content\/uploads\/2017\/10\/Bericht-2014-12-300x200.jpg\" alt=\"\" width=\"300\" height=\"200\" srcset=\"http:\/\/luebecker-bucht-lokal.de\/ostseelauf\/wp-content\/uploads\/2017\/10\/Bericht-2014-12-300x200.jpg 300w, http:\/\/luebecker-bucht-lokal.de\/ostseelauf\/wp-content\/uploads\/2017\/10\/Bericht-2014-12.jpg 700w\" sizes=\"auto, (max-width: 300px) 100vw, 300px\" \/>Start Halbmarathon in Richtung Scharbeutz, dann ist die Ostsee rechts von der Strecke.<br \/>\nNur f\u00fcnf Minuten nach dem 5-km-Start sind die Halbmarathonl\u00e4ufer dran.<\/p>\n<p>Sie laufen die 10-km-Strecke zweimal und in der Zweiten Runde noch die fehlenden 1,1 Kilometer zus\u00e4tzlich. Ein Zweikampf an der Spitze zwischen Michael Thiel vom Tri-Sport L\u00fcbeck und Florian Beisheim von Run Local Hero Team Kassel. Auf dem linken Bild kommen sie gerade aus Scharbeutz zur\u00fcck. Hier beim Start- und Ziel ist Kilometer f\u00fcnf. Jetzt geht es \u00fcber den Seebr\u00fcckenvorplatz weiter nach Niendorf. In Niendorf bis zu einem Wendepunkt und wieder zur\u00fcck. Dann das Ganze noch einmal, weil sie ja zwei Runden laufen m\u00fcssen.<\/p>\n<p>Auf unserer Strecke gibt es ja alle 2,5 Kilometer Getr\u00e4nkestellen und auch 6 gro\u00dfe Toilettenh\u00e4user.<\/p>\n<div id='gallery-2' class='gallery galleryid-1564 gallery-columns-3 gallery-size-thumbnail'><figure class='gallery-item'>\n\t\t\t<div class='gallery-icon portrait'>\n\t\t\t\t<a href='http:\/\/luebecker-bucht-lokal.de\/ostseelauf\/2017\/10\/01\/sparkassen-ostseelauf-timmendorfer-strand-2014\/bericht-2014-13\/'><img loading=\"lazy\" decoding=\"async\" width=\"150\" height=\"150\" src=\"http:\/\/luebecker-bucht-lokal.de\/ostseelauf\/wp-content\/uploads\/2017\/10\/Bericht-2014-13-150x150.jpg\" class=\"attachment-thumbnail size-thumbnail\" alt=\"\" aria-describedby=\"gallery-2-1579\" \/><\/a>\n\t\t\t<\/div>\n\t\t\t\t<figcaption class='wp-caption-text gallery-caption' id='gallery-2-1579'>\n\t\t\t\tMichael Thiel und Florian Beisheim kurz vor der Seebr\u00fccke ( 5. Km )\n\t\t\t\t<\/figcaption><\/figure><figure class='gallery-item'>\n\t\t\t<div class='gallery-icon landscape'>\n\t\t\t\t<a href='http:\/\/luebecker-bucht-lokal.de\/ostseelauf\/2017\/10\/01\/sparkassen-ostseelauf-timmendorfer-strand-2014\/bericht-2014-14\/'><img loading=\"lazy\" decoding=\"async\" width=\"150\" height=\"150\" src=\"http:\/\/luebecker-bucht-lokal.de\/ostseelauf\/wp-content\/uploads\/2017\/10\/Bericht-2014-14-150x150.jpg\" class=\"attachment-thumbnail size-thumbnail\" alt=\"\" aria-describedby=\"gallery-2-1580\" \/><\/a>\n\t\t\t<\/div>\n\t\t\t\t<figcaption class='wp-caption-text gallery-caption' id='gallery-2-1580'>\n\t\t\t\tMichael und Florian zur\u00fcck aus Niendorf. Hier beim 10. Kilometer geht es in die zweite Runde.\n\t\t\t\t<\/figcaption><\/figure><figure class='gallery-item'>\n\t\t\t<div class='gallery-icon portrait'>\n\t\t\t\t<a href='http:\/\/luebecker-bucht-lokal.de\/ostseelauf\/2017\/10\/01\/sparkassen-ostseelauf-timmendorfer-strand-2014\/bericht-2014-15\/'><img loading=\"lazy\" decoding=\"async\" width=\"150\" height=\"150\" src=\"http:\/\/luebecker-bucht-lokal.de\/ostseelauf\/wp-content\/uploads\/2017\/10\/Bericht-2014-15-150x150.jpg\" class=\"attachment-thumbnail size-thumbnail\" alt=\"\" aria-describedby=\"gallery-2-1581\" \/><\/a>\n\t\t\t<\/div>\n\t\t\t\t<figcaption class='wp-caption-text gallery-caption' id='gallery-2-1581'>\n\t\t\t\tFlorian Beisheim, hier bei Kilometer 15, l\u00e4uft sp\u00e4ter als Sieger ins Ziel in 1:17:14 Stunden.\n\t\t\t\t<\/figcaption><\/figure><figure class='gallery-item'>\n\t\t\t<div class='gallery-icon portrait'>\n\t\t\t\t<a href='http:\/\/luebecker-bucht-lokal.de\/ostseelauf\/2017\/10\/01\/sparkassen-ostseelauf-timmendorfer-strand-2014\/bericht-2014-16\/'><img loading=\"lazy\" decoding=\"async\" width=\"150\" height=\"150\" src=\"http:\/\/luebecker-bucht-lokal.de\/ostseelauf\/wp-content\/uploads\/2017\/10\/Bericht-2014-16-150x150.jpg\" class=\"attachment-thumbnail size-thumbnail\" alt=\"\" aria-describedby=\"gallery-2-1582\" \/><\/a>\n\t\t\t<\/div>\n\t\t\t\t<figcaption class='wp-caption-text gallery-caption' id='gallery-2-1582'>\n\t\t\t\tDr. Kerstin Haberkorn vom MTV L\u00fcbek siegt bei den Frauen in 1:30:47 Stunden.\n\t\t\t\t<\/figcaption><\/figure>\n\t\t<\/div>\n\n<p>&nbsp;<\/p>\n<h3>Siegerehrung Halbmarathon<\/h3>\n<p><img loading=\"lazy\" decoding=\"async\" class=\"size-medium wp-image-1583 alignleft\" src=\"http:\/\/luebecker-bucht-lokal.de\/ostseelauf\/wp-content\/uploads\/2017\/10\/Bericht-2014-17-300x278.jpg\" alt=\"\" width=\"300\" height=\"278\" srcset=\"http:\/\/luebecker-bucht-lokal.de\/ostseelauf\/wp-content\/uploads\/2017\/10\/Bericht-2014-17-300x278.jpg 300w, http:\/\/luebecker-bucht-lokal.de\/ostseelauf\/wp-content\/uploads\/2017\/10\/Bericht-2014-17.jpg 700w\" sizes=\"auto, (max-width: 300px) 100vw, 300px\" \/>1. Platz in 1:17:14 <strong>Florian Beisheim, Run Local Hero Team Kassel<\/strong><br \/>\n2. Platz in 1:18:04 <strong>Michael Thiel, Tri-Sport L\u00fcbeck<\/strong><br \/>\n3. Platz in 1:19:20 <strong>Jan Dannehl, Triabolos Hamburg<\/strong><\/p>\n<p>1. Platz in 1:30:47 <strong>Dr. Kerstin Haberkorn, MTV L\u00fcbeck<\/strong><br \/>\n2. Platz in 1:31:16 <strong>Marion Halbreiter, LG UNI L\u00fcbeck<\/strong><br \/>\n3. Platz in 1:35:04 <strong>Astrid Ellen Berggreen, LG UNI L\u00fcbeck<\/strong><\/p>\n<h3><\/h3>\n<h3>Mannschaftswertung mit Volker-Popp-Pokal<\/h3>\n<p><img loading=\"lazy\" decoding=\"async\" class=\"size-medium wp-image-1584 alignleft\" src=\"http:\/\/luebecker-bucht-lokal.de\/ostseelauf\/wp-content\/uploads\/2017\/10\/Bericht-2014-18-300x222.jpg\" alt=\"\" width=\"300\" height=\"222\" srcset=\"http:\/\/luebecker-bucht-lokal.de\/ostseelauf\/wp-content\/uploads\/2017\/10\/Bericht-2014-18-300x222.jpg 300w, http:\/\/luebecker-bucht-lokal.de\/ostseelauf\/wp-content\/uploads\/2017\/10\/Bericht-2014-18.jpg 700w\" sizes=\"auto, (max-width: 300px) 100vw, 300px\" \/><strong>Siegerehrung Mannschaften Halbmarathon<\/strong><\/p>\n<p>1. Platz in 4:06:56<strong> LG Uni L\u00fcbeck<\/strong> mit Mitz, Lipphardt, Christ<br \/>\n2. Platz in 4:18:22 <strong>M\u00f6llner SV<\/strong> mit Petersdorf, Gr\u00e4per, Willh\u00f6ft<br \/>\n3. Platz in 4:22:43 <strong>VfL B\u00f6rnsen<\/strong> mit Herle, Peschel, Meyer<\/p>\n<p>1. Platz in 4:45:24 <strong>LG Uni L\u00fcbeck<\/strong> mit Halbreiter, Berggreen, Lau<br \/>\n2. Platz in 5:35:31 <strong>Triabolos Hamburg e. V.\u00a0<\/strong>mit Petersdorf, Gr\u00e4per, Willh\u00f6ft<br \/>\n3. Platz in 4:43:06 <strong>Team Erdinger Alkoholfrei\u00a0<\/strong>mit Allwardt, Weck, Ewerlin<\/p>\n<p><img loading=\"lazy\" decoding=\"async\" class=\"size-medium wp-image-1585 alignleft\" src=\"http:\/\/luebecker-bucht-lokal.de\/ostseelauf\/wp-content\/uploads\/2017\/10\/Bericht-2014-19-300x200.jpg\" alt=\"\" width=\"300\" height=\"200\" srcset=\"http:\/\/luebecker-bucht-lokal.de\/ostseelauf\/wp-content\/uploads\/2017\/10\/Bericht-2014-19-300x200.jpg 300w, http:\/\/luebecker-bucht-lokal.de\/ostseelauf\/wp-content\/uploads\/2017\/10\/Bericht-2014-19.jpg 700w\" sizes=\"auto, (max-width: 300px) 100vw, 300px\" \/>Die LG UNI L\u00fcbeck zweimal 1. Platz Halbmarthon Mannschaftswertung M\u00e4nner und Frauen.<\/p>\n<h3>NORDIC-WALKING<\/h3>\n<p><img loading=\"lazy\" decoding=\"async\" class=\"size-medium wp-image-1586 alignleft\" src=\"http:\/\/luebecker-bucht-lokal.de\/ostseelauf\/wp-content\/uploads\/2017\/10\/Bericht-2014-20-300x200.jpg\" alt=\"\" width=\"300\" height=\"200\" srcset=\"http:\/\/luebecker-bucht-lokal.de\/ostseelauf\/wp-content\/uploads\/2017\/10\/Bericht-2014-20-300x200.jpg 300w, http:\/\/luebecker-bucht-lokal.de\/ostseelauf\/wp-content\/uploads\/2017\/10\/Bericht-2014-20.jpg 700w\" sizes=\"auto, (max-width: 300px) 100vw, 300px\" \/>Start Nordic-Walking \u00fcber 5 Kilometer in Richtung Niendorf<br \/>\nDie Nordic-Walker geh\u00f6ren nun schon seit f\u00fcnf Jahren zum Ostseelauf. Auf der wundersch\u00f6nen Strecke entlang der Ostsee zu walken, wird immer beliebter. In diesem Jahr durften laut Ausschreibung nur Nordic-Walker teilnehmen.Einige hatten die Ausschreibung nicht richtig gelesen und wollten ohne St\u00f6cker starten. Sie durften mit starten wurden aber nicht gewertet.Die schnellsten drei M\u00e4nner und schnellsten drei Frauen wurden mit Glas-Pokalen geehrt.<\/p>\n<h3>RWE-Seepferdchenlauf \u00fcber eine Seemeile (1852 m)<\/h3>\n<p><img loading=\"lazy\" decoding=\"async\" class=\"size-medium wp-image-1587 alignleft\" src=\"http:\/\/luebecker-bucht-lokal.de\/ostseelauf\/wp-content\/uploads\/2017\/10\/Bericht-2014-21-300x200.jpg\" alt=\"\" width=\"300\" height=\"200\" srcset=\"http:\/\/luebecker-bucht-lokal.de\/ostseelauf\/wp-content\/uploads\/2017\/10\/Bericht-2014-21-300x200.jpg 300w, http:\/\/luebecker-bucht-lokal.de\/ostseelauf\/wp-content\/uploads\/2017\/10\/Bericht-2014-21.jpg 700w\" sizes=\"auto, (max-width: 300px) 100vw, 300px\" \/>Kurz vor dem Start RWE-Seepferdchenlauf mit Maskottchen &#8222;Kalle&#8220;<\/p>\n<p>Zum Schluss startet der Seepferdchenlauf \u00fcber eine Seemeile von der Seebr\u00fccke bis zum Hotel Seeschl\u00f6sschen und zur\u00fcck. Mit zwei Motorr\u00e4dern mit Blaulicht und Martinshorn vorweg bis ins Ziel. Jeder bekommt eine Medaille um den Hals geh\u00e4ngt, einen Eisgutschein von der &#8222;Eisdiele Tonegutti&#8220; und von RWE eine Brotdose mit \u00dcberraschungsinhalt. Anschlie\u00dfend gibt es eine gro\u00dfe Siegerehrung auf der gro\u00dfen B\u00fchne bei der Seebr\u00fccke mit RWE-Maskottchen &#8222;Kalle&#8220;, bei der die Altersklassen-Sieger und Siegerinnen in den Pl\u00e4tzen 1. bis 3. mit Medaillen in Gold, Silber und Bronze geehrt werden. Alle Siegerehrungs-Teilnehmer bekamen auch noch Gutscheine vom &#8222;Karls Erdbeerhof&#8220;.<\/p>\n<p><img loading=\"lazy\" decoding=\"async\" class=\"size-medium wp-image-1588 alignleft\" src=\"http:\/\/luebecker-bucht-lokal.de\/ostseelauf\/wp-content\/uploads\/2017\/10\/Bericht-2014-22-300x200.jpg\" alt=\"\" width=\"300\" height=\"200\" srcset=\"http:\/\/luebecker-bucht-lokal.de\/ostseelauf\/wp-content\/uploads\/2017\/10\/Bericht-2014-22-300x200.jpg 300w, http:\/\/luebecker-bucht-lokal.de\/ostseelauf\/wp-content\/uploads\/2017\/10\/Bericht-2014-22.jpg 700w\" sizes=\"auto, (max-width: 300px) 100vw, 300px\" \/><\/p>\n<p><strong>Jetzt geht es los! 1852 Meter RWE-Seepferdchenlauf<\/strong><\/p>\n<h3><\/h3>\n<h3>DANKE<\/h3>\n<p>Nach f\u00fcnf verschiedenen Wettbewerben an einem Tag, freut man sich, wenn alles geklappt hat. Die Helfer sind seit 6:30 Uhr bei der Veranstaltung im Einsatz, und alle sind froh, es mal wieder geschafft zu haben. Ein gro\u00dfer Dank den 150 eingesetzten Helfern. Aber auch ein Dankesch\u00f6n an unsere Sponsoren. Ohne sie, w\u00fcrde es den Sparkassen-Ostseelauf nicht mehr geben.\u00a0Ein Dank an die Hauptsponsoren, der Sparkasse Holstein und der RWE AG. Aber auch die vielen anderen Sponsoren, die uns unterst\u00fctzen, m\u00fcssten alle genannt werden. Nur ein paar Beispiele: Ich denke an das Fahrrad von der Fa. Hesse, welches beim 5-km-Lauf verlost wurde, oder die Getr\u00e4nke von der Wittenseer Quelle. Die Erdinger Brauerei kommt extra aus M\u00fcnchen und Famila spendet Getr\u00e4nkep\u00e4ckchen und Bananen und \u00c4pfel. Vom CITTI-Park mit Intersport Profimarkt und der ZVO werden wir unterst\u00fctzt, wobei die ZVO auch noch zwei Wasserst\u00e4nde auf der Strecke betreibt. Eine \u00dcbersicht finden sie auf unserer Homepage unter Sponsoren.\u00a0Auch ein Dank der Malerin Anne Auerbach, die unsere Volker-Popp-Pokale so sch\u00f6n bemalt hat und meinen beiden O-Team Partnern Sabine Bremeyer und Peter Danzeglocke.Ein Dank an alle, die mir nach der Veranstaltung so viele positive Emails gesendet haben. Das macht uns ein wenig stolz ist aber auch gleichzeitig Ansporn den Lauf weiterhin auf diesem Niveau durchzuf\u00fchren.<\/p>\n<p>Rolf Glagau<br \/>\nFotos von Thore J\u00fcrgensen<\/p>\n","protected":false},"excerpt":{"rendered":"<p>Neuer Rekord mit 1677 Meldungen Um 9:00 Uhr geht es mit dem Sparkassen-Ostseelauf \u00fcber 10 Kilometer los. Start zum 10-km-Lauf bei gutem Laufwetter in Richtung Scharbeutz Etwas k\u00fchl beim Start, &#8230;<\/p>\n","protected":false},"author":1,"featured_media":1574,"comment_status":"closed","ping_status":"closed","sticky":false,"template":"","format":"standard","meta":{"footnotes":""},"categories":[1],"tags":[],"class_list":["post-1564","post","type-post","status-publish","format-standard","has-post-thumbnail","hentry","category-allgemein"],"_links":{"self":[{"href":"http:\/\/luebecker-bucht-lokal.de\/ostseelauf\/wp-json\/wp\/v2\/posts\/1564","targetHints":{"allow":["GET"]}}],"collection":[{"href":"http:\/\/luebecker-bucht-lokal.de\/ostseelauf\/wp-json\/wp\/v2\/posts"}],"about":[{"href":"http:\/\/luebecker-bucht-lokal.de\/ostseelauf\/wp-json\/wp\/v2\/types\/post"}],"author":[{"embeddable":true,"href":"http:\/\/luebecker-bucht-lokal.de\/ostseelauf\/wp-json\/wp\/v2\/users\/1"}],"replies":[{"embeddable":true,"href":"http:\/\/luebecker-bucht-lokal.de\/ostseelauf\/wp-json\/wp\/v2\/comments?post=1564"}],"version-history":[{"count":5,"href":"http:\/\/luebecker-bucht-lokal.de\/ostseelauf\/wp-json\/wp\/v2\/posts\/1564\/revisions"}],"predecessor-version":[{"id":1592,"href":"http:\/\/luebecker-bucht-lokal.de\/ostseelauf\/wp-json\/wp\/v2\/posts\/1564\/revisions\/1592"}],"wp:featuredmedia":[{"embeddable":true,"href":"http:\/\/luebecker-bucht-lokal.de\/ostseelauf\/wp-json\/wp\/v2\/media\/1574"}],"wp:attachment":[{"href":"http:\/\/luebecker-bucht-lokal.de\/ostseelauf\/wp-json\/wp\/v2\/media?parent=1564"}],"wp:term":[{"taxonomy":"category","embeddable":true,"href":"http:\/\/luebecker-bucht-lokal.de\/ostseelauf\/wp-json\/wp\/v2\/categories?post=1564"},{"taxonomy":"post_tag","embeddable":true,"href":"http:\/\/luebecker-bucht-lokal.de\/ostseelauf\/wp-json\/wp\/v2\/tags?post=1564"}],"curies":[{"name":"wp","href":"https:\/\/api.w.org\/{rel}","templated":true}]}}