{"id":1550,"date":"2017-10-01T13:05:06","date_gmt":"2017-10-01T11:05:06","guid":{"rendered":"http:\/\/luebecker-bucht-lokal.de\/ostseelauf\/?p=1550"},"modified":"2017-10-01T19:55:13","modified_gmt":"2017-10-01T17:55:13","slug":"sparkassen-ostseelauf-timmendorfer-strand-2013","status":"publish","type":"post","link":"http:\/\/luebecker-bucht-lokal.de\/ostseelauf\/2017\/10\/01\/sparkassen-ostseelauf-timmendorfer-strand-2013\/","title":{"rendered":"Sparkassen-Ostseelauf Timmendorfer Strand 2013"},"content":{"rendered":"<h3>Kampf um die Pl\u00e4tze beim 9. Sparkassen-Ostseelauf immer an der Ostsee entlang<\/h3>\n<h3><\/h3>\n<h3><strong>Start zum 10-km-Lauf<\/strong><\/h3>\n<p><img loading=\"lazy\" decoding=\"async\" class=\"size-medium wp-image-1551 alignleft\" src=\"http:\/\/luebecker-bucht-lokal.de\/ostseelauf\/wp-content\/uploads\/2017\/10\/Bericht-2013-Bild01-300x200.jpg\" alt=\"\" width=\"300\" height=\"200\" srcset=\"http:\/\/luebecker-bucht-lokal.de\/ostseelauf\/wp-content\/uploads\/2017\/10\/Bericht-2013-Bild01-300x200.jpg 300w, http:\/\/luebecker-bucht-lokal.de\/ostseelauf\/wp-content\/uploads\/2017\/10\/Bericht-2013-Bild01.jpg 640w\" sizes=\"auto, (max-width: 300px) 100vw, 300px\" \/>Am 14. April nach dem l\u00e4ngsten und k\u00e4ltesten Winter seit 100 Jahren, fand die Veranstaltung bei warmen Wetter unter Top-Laufbedingungen auf der Strandpromenade in Timmendorfer Strand statt. P\u00fcnktlich um 9:00 Uhr wurde der 10-km-Lauf gestartet. In diesem Feld waren auch sehr viele Ummelder, die wegen des langen Winters und den dadurch verursachten Trainingsr\u00fcckstand, statt Halbmarathon lieber nur die 10-km Laufen wollten. Gesamtsieger wurde, wie im letzten Jahr, Phillip Champignon vom TSV Kirchdorf in 31:46 Minuten vor dem vereinslosen Claudius Michalak in 32:58 Minuten. Auf der schnellsten Strecke, die ich kenne, so der Kommentar von Martin Stelzner, der den 3. Platz in 35:14 Minuten errang. Bei den Frauen gewann Marion Halbreiter von der LG UNI L\u00fcbeck in 42:37 vor Teamkollegin Lena Scheibe in 43:36 und Dr. Diana Mull vom TSV Bornh\u00f6ved in 43:36 Minuten. Von den 547 gemeldeten 10-km-Teilnehmern kamen nur 425 ins Ziel. Viele sind wegen des Schneewinters und den Trainingsr\u00fcckst\u00e4nden gar nicht erst gestartet.<\/p>\n<p><img loading=\"lazy\" decoding=\"async\" class=\"size-medium wp-image-1552 alignleft\" src=\"http:\/\/luebecker-bucht-lokal.de\/ostseelauf\/wp-content\/uploads\/2017\/10\/Bericht-2013-Bild02-300x200.jpg\" alt=\"\" width=\"300\" height=\"200\" srcset=\"http:\/\/luebecker-bucht-lokal.de\/ostseelauf\/wp-content\/uploads\/2017\/10\/Bericht-2013-Bild02-300x200.jpg 300w, http:\/\/luebecker-bucht-lokal.de\/ostseelauf\/wp-content\/uploads\/2017\/10\/Bericht-2013-Bild02.jpg 640w\" sizes=\"auto, (max-width: 300px) 100vw, 300px\" \/><\/p>\n<p><strong>Das L\u00e4uferfeld auf dem Weg zum Werndepunkt in Scharbeutz<\/strong><\/p>\n<h3><\/h3>\n<h3>5-km-Lauf<\/h3>\n<p><img loading=\"lazy\" decoding=\"async\" class=\"size-medium wp-image-1553 alignleft\" src=\"http:\/\/luebecker-bucht-lokal.de\/ostseelauf\/wp-content\/uploads\/2017\/10\/Bericht-2013-Bild03-300x200.jpg\" alt=\"\" width=\"300\" height=\"200\" srcset=\"http:\/\/luebecker-bucht-lokal.de\/ostseelauf\/wp-content\/uploads\/2017\/10\/Bericht-2013-Bild03-300x200.jpg 300w, http:\/\/luebecker-bucht-lokal.de\/ostseelauf\/wp-content\/uploads\/2017\/10\/Bericht-2013-Bild03.jpg 640w\" sizes=\"auto, (max-width: 300px) 100vw, 300px\" \/><\/p>\n<p><strong>Start 5-km-Lauf in Richtung Niendorf<\/strong><\/p>\n<p>Der 5-km-Lauf ist fest in der Hand der Triathleten, denn er wird auch im Two-Ju-Cup in Schleswig-Holstein gewertet. Fast 200 Starter k\u00e4mpften um die Pl\u00e4tze. Auch die B\u00fcrgermeisterin von Timmendorfer Strand Hatice Kara l\u00e4uft mit. Claudius Michalak, der ja den zweiten Platz \u00fcber 10-km erreicht hatte, startet hier nochmals und gewinnt ganz locker in 16:16 Minuten.<\/p>\n<p>&nbsp;<\/p>\n<p><img loading=\"lazy\" decoding=\"async\" class=\"size-medium wp-image-1554 alignleft\" src=\"http:\/\/luebecker-bucht-lokal.de\/ostseelauf\/wp-content\/uploads\/2017\/10\/Bericht-2013-Bild04-300x200.jpg\" alt=\"\" width=\"300\" height=\"200\" srcset=\"http:\/\/luebecker-bucht-lokal.de\/ostseelauf\/wp-content\/uploads\/2017\/10\/Bericht-2013-Bild04-300x200.jpg 300w, http:\/\/luebecker-bucht-lokal.de\/ostseelauf\/wp-content\/uploads\/2017\/10\/Bericht-2013-Bild04.jpg 640w\" sizes=\"auto, (max-width: 300px) 100vw, 300px\" \/>1. Platz Claudius Michalak &#8211; ohne Verein<br \/>\n2. Platz Frederic S\u00fc\u00dfmann &#8211; Sport-Club Itzehoe<br \/>\n3. Platz Friedrich Hegge &#8211; Tri-Sport-L\u00fcbeck<\/p>\n<p>1. Platz Stina Mick &#8211; TSV Bargteheide-TRI<br \/>\n2. Platz Paulina Kaysser &#8211; Sport-Club Itzehoe<br \/>\n3. Platz Rike Kubillus &#8211; TSV Bargteheide-TRI<\/p>\n<p><strong>Die Siegerehrung wurde vom Gesch\u00e4ftsf\u00fchrer der Timmendorf Strand Niendorf Tourismus GmbH (TSNT) Joachim Nitz und unserer B\u00fcrgermeisterin Hatice Kara durchgef\u00fchrt.<\/strong><\/p>\n<h3><\/h3>\n<h3>HALBMARATHON<\/h3>\n<p><img loading=\"lazy\" decoding=\"async\" class=\"size-medium wp-image-1555 alignleft\" src=\"http:\/\/luebecker-bucht-lokal.de\/ostseelauf\/wp-content\/uploads\/2017\/10\/Bericht-2013-Bild05-300x200.jpg\" alt=\"\" width=\"300\" height=\"200\" srcset=\"http:\/\/luebecker-bucht-lokal.de\/ostseelauf\/wp-content\/uploads\/2017\/10\/Bericht-2013-Bild05-300x200.jpg 300w, http:\/\/luebecker-bucht-lokal.de\/ostseelauf\/wp-content\/uploads\/2017\/10\/Bericht-2013-Bild05.jpg 640w\" sizes=\"auto, (max-width: 300px) 100vw, 300px\" \/><strong>Start Halbmarathon in Richtung Scharbeutz<\/strong><\/p>\n<p>Nur f\u00fcnf Minuten nach dem 5-km-Start sind die Halbmarathonl\u00e4ufer dran. Sie laufen die 10-km-Strecke zweimal und in der Zweiten Runde noch die fehlenden 1,1 Kilometer zus\u00e4tzlich. Auf unserer Strecke gibt es ja alle 2,5 Kilometer Getr\u00e4nkestellen und auch 6 gro\u00dfe Toilettenh\u00e4user. Das ist bei dem so pl\u00f6tzlich warm gewordenen Wetter &#8211; 19 Grad im Schatten &#8211; f\u00fcr die Teilnehmer schon wichtig. An der Spitze aber ging die Post ab. Dennis Mehlfeld, der ja jetzt f\u00fcr HASPA-Marathon Hamburg startet und Michael Thiel vom Tri-Sport-L\u00fcbeck( er war schon bester Deutscher beim 100-km-Lauf in Biel) lieferten sich einen tollen Zweikampf. Am Ende konnte Michael das Tempo doch nicht halten und Dennis gewann in 1:12:36 vor Michael in 1:15:38. F\u00fcr beide war es ein Vorbereitungslauf auf ihren n\u00e4chsten gro\u00dfen Wettkampf. Dennis startet n\u00e4chsten Sonntag beim Marathon in Hamburg und Michael wollte eine schnelle Einheit f\u00fcr seinen 100-km-Start in der Schweiz haben.<\/p>\n<p><img loading=\"lazy\" decoding=\"async\" class=\"size-medium wp-image-1556 alignleft\" src=\"http:\/\/luebecker-bucht-lokal.de\/ostseelauf\/wp-content\/uploads\/2017\/10\/Bericht-2013-Bild06-300x200.jpg\" alt=\"\" width=\"300\" height=\"200\" srcset=\"http:\/\/luebecker-bucht-lokal.de\/ostseelauf\/wp-content\/uploads\/2017\/10\/Bericht-2013-Bild06-300x200.jpg 300w, http:\/\/luebecker-bucht-lokal.de\/ostseelauf\/wp-content\/uploads\/2017\/10\/Bericht-2013-Bild06.jpg 640w\" sizes=\"auto, (max-width: 300px) 100vw, 300px\" \/><\/p>\n<p><strong>Beide noch nebeneinander bei Kilometer 15<\/strong><\/p>\n<p>&nbsp;<\/p>\n<h3>Siegerehrung Halbmarathon<\/h3>\n<p><img loading=\"lazy\" decoding=\"async\" class=\"size-medium wp-image-1557 alignleft\" src=\"http:\/\/luebecker-bucht-lokal.de\/ostseelauf\/wp-content\/uploads\/2017\/10\/Bericht-2013-Bild07-300x200.jpg\" alt=\"\" width=\"300\" height=\"200\" srcset=\"http:\/\/luebecker-bucht-lokal.de\/ostseelauf\/wp-content\/uploads\/2017\/10\/Bericht-2013-Bild07-300x200.jpg 300w, http:\/\/luebecker-bucht-lokal.de\/ostseelauf\/wp-content\/uploads\/2017\/10\/Bericht-2013-Bild07.jpg 640w\" sizes=\"auto, (max-width: 300px) 100vw, 300px\" \/>1. Platz Dennis Mehlfeld &#8211; HASPA-Marathon Hamburg<br \/>\n2. Platz Michael Thiel &#8211; TRI-Sport-L\u00fcbeck<br \/>\n3. Platz Frank Themsen &#8211; LG Bremen Nord<\/p>\n<p>1. Platz Tina Bernhardt &#8211; Ute M\u00fcckel Triathlon-Team<br \/>\n2. Platz Anja K\u00fcnzel &#8211; L\u00fcbecker SC<br \/>\n3. Platz Melli B\u00fcsen &#8211; Triabolos Hamburg<\/p>\n<h3><\/h3>\n<h3>NORDIC-WALKING<\/h3>\n<p><strong><img loading=\"lazy\" decoding=\"async\" class=\"size-medium wp-image-1558 alignleft\" src=\"http:\/\/luebecker-bucht-lokal.de\/ostseelauf\/wp-content\/uploads\/2017\/10\/Bericht-2013-Bild08-300x200.jpg\" alt=\"\" width=\"300\" height=\"200\" srcset=\"http:\/\/luebecker-bucht-lokal.de\/ostseelauf\/wp-content\/uploads\/2017\/10\/Bericht-2013-Bild08-300x200.jpg 300w, http:\/\/luebecker-bucht-lokal.de\/ostseelauf\/wp-content\/uploads\/2017\/10\/Bericht-2013-Bild08.jpg 640w\" sizes=\"auto, (max-width: 300px) 100vw, 300px\" \/>Start Nordic-Walking \u00fcber 5 Kilometer in Richtung Niendorf<\/strong><\/p>\n<p>Die Nordic-Walker geh\u00f6ren nun schon seit vier Jahren zum Ostseelauf. Auf der wundersch\u00f6nen Strecke entlang der Ostsee zu walken, wird immer beliebter. Die schnellsten drei M\u00e4nner und schnellsten drei Frauen bekamen Seepferdchen-Pokale.<\/p>\n<h3><\/h3>\n<h3>RWE-Seepferdchenlauf \u00fcber eine Seemeile (1852 m)<\/h3>\n<p><img loading=\"lazy\" decoding=\"async\" class=\"size-medium wp-image-1559 alignleft\" src=\"http:\/\/luebecker-bucht-lokal.de\/ostseelauf\/wp-content\/uploads\/2017\/10\/Bericht-2013-Bild09-300x200.jpg\" alt=\"\" width=\"300\" height=\"200\" srcset=\"http:\/\/luebecker-bucht-lokal.de\/ostseelauf\/wp-content\/uploads\/2017\/10\/Bericht-2013-Bild09-300x200.jpg 300w, http:\/\/luebecker-bucht-lokal.de\/ostseelauf\/wp-content\/uploads\/2017\/10\/Bericht-2013-Bild09.jpg 640w\" sizes=\"auto, (max-width: 300px) 100vw, 300px\" \/><\/p>\n<p><strong>Start RWE-Seepferdchenlauf<\/strong><\/p>\n<p>Zum Schluss der H\u00f6hepunkt f\u00fcr den Laufnachwuchs. Den Seepferdchenlauf \u00fcber eine Seemeile von der Seebr\u00fccke bis zum Hotel Seeschl\u00f6sschen und zur\u00fcck. Mit zwei Motorr\u00e4dern mit Blaulicht und Martinshorn vorweg bis ins Ziel. Jeder bekommt eine Medaille und von RWE eine Brotdose mit \u00dcberraschungsinhalt. Anschlie\u00dfend gro\u00dfe Altersklassensiegerehrung mit RWE-Maskottchen &#8222;Kalle&#8220;<\/p>\n<h3><\/h3>\n<h3>Danke<\/h3>\n<p>Nach diesen vielen L\u00e4ufen, mit den dann erforderlichen Siegerehrungen sind alle froh, dass es mal wieder gut geklappt hat und alle gesund ins Ziel gekommen sind. Die strahlenden Kinderaugen entsch\u00e4digen f\u00fcr den anstrengenden Tag der vielen Helfer, die zum Erfolg der Veranstaltung beigetragen haben.<br \/>\nEin Dank an die Sparkasse Holstein, der Janz AG mit der Mittelstands-Cloud.de und RWE als Hauptsponsoren und den vielen anderen Sponsoren und Unterst\u00fctzern. Sponsoren\u00fcbersicht auf unserer Homepage.<\/p>\n<p>Rolf Glagau<\/p>\n<p>Fotos von Thore J\u00fcrgensen<\/p>\n","protected":false},"excerpt":{"rendered":"<p>Kampf um die Pl\u00e4tze beim 9. Sparkassen-Ostseelauf immer an der Ostsee entlang Start zum 10-km-Lauf Am 14. April nach dem l\u00e4ngsten und k\u00e4ltesten Winter seit 100 Jahren, fand die Veranstaltung &#8230;<\/p>\n","protected":false},"author":1,"featured_media":1553,"comment_status":"closed","ping_status":"closed","sticky":false,"template":"","format":"standard","meta":{"footnotes":""},"categories":[1],"tags":[],"class_list":["post-1550","post","type-post","status-publish","format-standard","has-post-thumbnail","hentry","category-allgemein"],"_links":{"self":[{"href":"http:\/\/luebecker-bucht-lokal.de\/ostseelauf\/wp-json\/wp\/v2\/posts\/1550","targetHints":{"allow":["GET"]}}],"collection":[{"href":"http:\/\/luebecker-bucht-lokal.de\/ostseelauf\/wp-json\/wp\/v2\/posts"}],"about":[{"href":"http:\/\/luebecker-bucht-lokal.de\/ostseelauf\/wp-json\/wp\/v2\/types\/post"}],"author":[{"embeddable":true,"href":"http:\/\/luebecker-bucht-lokal.de\/ostseelauf\/wp-json\/wp\/v2\/users\/1"}],"replies":[{"embeddable":true,"href":"http:\/\/luebecker-bucht-lokal.de\/ostseelauf\/wp-json\/wp\/v2\/comments?post=1550"}],"version-history":[{"count":2,"href":"http:\/\/luebecker-bucht-lokal.de\/ostseelauf\/wp-json\/wp\/v2\/posts\/1550\/revisions"}],"predecessor-version":[{"id":1562,"href":"http:\/\/luebecker-bucht-lokal.de\/ostseelauf\/wp-json\/wp\/v2\/posts\/1550\/revisions\/1562"}],"wp:featuredmedia":[{"embeddable":true,"href":"http:\/\/luebecker-bucht-lokal.de\/ostseelauf\/wp-json\/wp\/v2\/media\/1553"}],"wp:attachment":[{"href":"http:\/\/luebecker-bucht-lokal.de\/ostseelauf\/wp-json\/wp\/v2\/media?parent=1550"}],"wp:term":[{"taxonomy":"category","embeddable":true,"href":"http:\/\/luebecker-bucht-lokal.de\/ostseelauf\/wp-json\/wp\/v2\/categories?post=1550"},{"taxonomy":"post_tag","embeddable":true,"href":"http:\/\/luebecker-bucht-lokal.de\/ostseelauf\/wp-json\/wp\/v2\/tags?post=1550"}],"curies":[{"name":"wp","href":"https:\/\/api.w.org\/{rel}","templated":true}]}}